{"id":6735,"date":"2019-09-26T11:31:04","date_gmt":"2019-09-26T14:31:04","guid":{"rendered":"http:\/\/jornalismo.ufsj.edu.br\/?p=6735"},"modified":"2019-09-22T11:37:02","modified_gmt":"2019-09-22T14:37:02","slug":"docente-do-jornalismo-ufsj-publica-livro-infantil","status":"publish","type":"post","link":"http:\/\/anu.ufsj.edu.br\/site\/jornalismoufsj\/docente-do-jornalismo-ufsj-publica-livro-infantil\/","title":{"rendered":"Docente do Jornalismo UFSJ publica livro infantil"},"content":{"rendered":"\n<p><em>Tamb\u00e9m conhecido como Jairo Far\u00e1, o Prof. Dr. Jairo Faria Mendes publicou um livro agora em setembro<\/em><\/p>\n\n\n\n<p>O\nprofessor do curso de Comunica\u00e7\u00e3o Social \u2013 Jornalismo da UFSJ, Jairo Faria\nMendes, publicou a obra \u201cCidadezinha Biruta\u201d no Sal\u00e3o do Livro Infantil e\nJuvenil de Minas Gerais, que foi realizado no in\u00edcio do m\u00eas de setembro, em Belo\nHorizonte, MG.<\/p>\n\n\n\n<p>Segundo\nJairo, que \u00e9 respons\u00e1vel pelo texto e as ilustra\u00e7\u00f5es, o livro \u00e9 destinado para\ncrian\u00e7as com at\u00e9 9 anos e foi produzido pela P\u00e1ginas Editora \u2013 uma editora mineira\nque tem se especializado em literatura infanto-juvenil. <\/p>\n\n\n\n<p>\u201c<em>(O livro)<\/em> nasceu de um sonho. Uma manh\u00e3 sonhei com a hist\u00f3ria do livro, inclusive com as primeiras estrofes. Venci a pregui\u00e7a, levantei e escrevi o livro em poucos minutos\u201d, conta o professor. Jairo continua expondo mais detalhes sobre a \u201cCidadezinha Biruta\u201d, que \u00e9 uma \u201ccidade muito pequena e muito diferente, onde os n\u00fameros convivem com as pessoas\u201d. \u201cNo in\u00edcio, achei a hist\u00f3ria estranha, mas mostrando para pessoas ligadas a literatura, vi que todas gostavam muito. Conversei com a Leida Reis (propriet\u00e1ria da editora), que tamb\u00e9m gostou da hist\u00f3ria e me incentivou a lan\u00e7ar\u201d, lembra.<\/p>\n\n\n\n<p><strong>Lan\u00e7amento<\/strong><\/p>\n\n\n\n<div class=\"wp-block-image\"><figure class=\"alignright is-resized\"><img loading=\"lazy\" src=\"http:\/\/jornalismo.ufsj.edu.br\/wp-content\/uploads\/2019\/09\/70645171_871459049914317_3196477655692083200_n-1024x768.jpg\" alt=\"\" class=\"wp-image-6736\" width=\"351\" height=\"263\" srcset=\"http:\/\/anu.ufsj.edu.br\/site\/wp-content\/uploads\/2019\/09\/70645171_871459049914317_3196477655692083200_n-1024x768.jpg 1024w, http:\/\/anu.ufsj.edu.br\/site\/wp-content\/uploads\/2019\/09\/70645171_871459049914317_3196477655692083200_n-300x225.jpg 300w, http:\/\/anu.ufsj.edu.br\/site\/wp-content\/uploads\/2019\/09\/70645171_871459049914317_3196477655692083200_n-768x576.jpg 768w, http:\/\/anu.ufsj.edu.br\/site\/wp-content\/uploads\/2019\/09\/70645171_871459049914317_3196477655692083200_n.jpg 1280w\" sizes=\"(max-width: 351px) 100vw, 351px\" \/><\/figure><\/div>\n\n\n\n<p>O evento teve a presen\u00e7a de turmas de crian\u00e7as de escolas p\u00fablicas da capital mineira, que conheceram o enredo do livro por meio da apresenta\u00e7\u00e3o do ator e contador de hist\u00f3rias, Paulo Fernandes.<\/p>\n\n\n\n<p><strong>O\nprimeiro no segmento infantil<\/strong><\/p>\n\n\n\n<p>De acordo com o professor, autor e ilustrador \u2013 que tem suas obras ligadas, principalmente, ao cordel, poesia, prosa e a arte conceitual \u2013 \u201cCidadezinha Biruta\u201d \u00e9 o seu primeiro livro infantil. \u201cMeu trabalho \u00e9 bem adulto. Tudo aconteceu pelo acaso [&#8230;]. Mas senti uma grande satisfa\u00e7\u00e3o em lan\u00e7ar esse livro. O universo infantil \u00e9 o universo da brincadeira e da magia, algo contagiante\u201d, admite.<\/p>\n\n\n\n<p><strong>Para\nadquirir a obra<\/strong><\/p>\n\n\n\n<p>O livro \u201cCidadezinha Biruta\u201d est\u00e1 a venda em algumas livrarias de Belo Horizonte e tamb\u00e9m pode ser adquirido pelo site da <a href=\"https:\/\/www.paginaseditora.com.br\/product-page\/cidadezinha-biruta\">editora<\/a>.<\/p>\n\n\n\n<p><strong>Texto:\n<\/strong>Arthur\nRaposo Gomes<\/p>\n\n\n\n<p><strong>Fotos:<\/strong> Arquivo pessoal<\/p>\n","protected":false},"excerpt":{"rendered":"<p>Tamb\u00e9m conhecido como Jairo Far\u00e1, o Prof. Dr. Jairo Faria Mendes publicou um livro agora em setembro<\/p>\n","protected":false},"author":3,"featured_media":6737,"comment_status":"open","ping_status":"open","sticky":false,"template":"","format":"standard","meta":{"_monsterinsights_skip_tracking":false,"_monsterinsights_sitenote_active":false,"_monsterinsights_sitenote_note":"","_monsterinsights_sitenote_category":0},"categories":[43],"tags":[211,210,169,97,119,208,209,212,213,207],"yoast_head":"<!-- This site is optimized with the Yoast SEO plugin v20.6 - https:\/\/yoast.com\/wordpress\/plugins\/seo\/ -->\n<title>Docente do Jornalismo UFSJ publica livro infantil - Jornalismo UFSJ<\/title>\n<meta name=\"robots\" content=\"index, follow, max-snippet:-1, max-image-preview:large, max-video-preview:-1\" \/>\n<link rel=\"canonical\" href=\"https:\/\/jornalismo.ufsj.edu.br\/site\/jornalismoufsj\/docente-do-jornalismo-ufsj-publica-livro-infantil\/\" \/>\n<meta property=\"og:locale\" content=\"pt_BR\" \/>\n<meta property=\"og:type\" content=\"article\" \/>\n<meta property=\"og:title\" content=\"Docente do Jornalismo UFSJ publica livro infantil - Jornalismo UFSJ\" \/>\n<meta property=\"og:description\" content=\"Tamb\u00e9m conhecido como Jairo Far\u00e1, o Prof. Dr. Jairo Faria Mendes publicou um livro agora em setembro\" \/>\n<meta property=\"og:url\" content=\"https:\/\/jornalismo.ufsj.edu.br\/site\/jornalismoufsj\/docente-do-jornalismo-ufsj-publica-livro-infantil\/\" \/>\n<meta property=\"og:site_name\" content=\"Jornalismo UFSJ\" \/>\n<meta property=\"article:publisher\" content=\"https:\/\/www.facebook.com\/jornalismoufsj\/\" \/>\n<meta property=\"article:published_time\" content=\"2019-09-26T14:31:04+00:00\" \/>\n<meta property=\"article:modified_time\" content=\"2019-09-22T14:37:02+00:00\" \/>\n<meta property=\"og:image\" content=\"https:\/\/jornalismo.ufsj.edu.br\/site\/wp-content\/uploads\/2019\/09\/70444871_394576684573822_1632946986845995008_n.jpg\" \/>\n\t<meta property=\"og:image:width\" content=\"1280\" \/>\n\t<meta property=\"og:image:height\" content=\"960\" \/>\n\t<meta property=\"og:image:type\" content=\"image\/jpeg\" \/>\n<meta name=\"twitter:card\" content=\"summary_large_image\" \/>\n<meta name=\"twitter:creator\" content=\"@jornalismoufsj\" \/>\n<meta name=\"twitter:site\" content=\"@jornalismoufsj\" \/>\n<meta name=\"twitter:label1\" content=\"Escrito por\" \/>\n\t<meta name=\"twitter:data1\" content=\"\" \/>\n\t<meta name=\"twitter:label2\" content=\"Est. tempo de leitura\" \/>\n\t<meta name=\"twitter:data2\" content=\"2 minutos\" \/>\n<script type=\"application\/ld+json\" class=\"yoast-schema-graph\">{\"@context\":\"https:\/\/schema.org\",\"@graph\":[{\"@type\":\"WebPage\",\"@id\":\"https:\/\/jornalismo.ufsj.edu.br\/site\/jornalismoufsj\/docente-do-jornalismo-ufsj-publica-livro-infantil\/\",\"url\":\"https:\/\/jornalismo.ufsj.edu.br\/site\/jornalismoufsj\/docente-do-jornalismo-ufsj-publica-livro-infantil\/\",\"name\":\"Docente do Jornalismo UFSJ publica livro infantil - Jornalismo UFSJ\",\"isPartOf\":{\"@id\":\"http:\/\/jornalismo.ufsj.edu.br\/site\/#website\"},\"datePublished\":\"2019-09-26T14:31:04+00:00\",\"dateModified\":\"2019-09-22T14:37:02+00:00\",\"author\":{\"@id\":\"\"},\"breadcrumb\":{\"@id\":\"https:\/\/jornalismo.ufsj.edu.br\/site\/jornalismoufsj\/docente-do-jornalismo-ufsj-publica-livro-infantil\/#breadcrumb\"},\"inLanguage\":\"pt-BR\",\"potentialAction\":[{\"@type\":\"ReadAction\",\"target\":[\"https:\/\/jornalismo.ufsj.edu.br\/site\/jornalismoufsj\/docente-do-jornalismo-ufsj-publica-livro-infantil\/\"]}]},{\"@type\":\"BreadcrumbList\",\"@id\":\"https:\/\/jornalismo.ufsj.edu.br\/site\/jornalismoufsj\/docente-do-jornalismo-ufsj-publica-livro-infantil\/#breadcrumb\",\"itemListElement\":[{\"@type\":\"ListItem\",\"position\":1,\"name\":\"In\u00edcio\",\"item\":\"http:\/\/jornalismo.ufsj.edu.br\/site\/\"},{\"@type\":\"ListItem\",\"position\":2,\"name\":\"Docente do Jornalismo UFSJ publica livro infantil\"}]},{\"@type\":\"WebSite\",\"@id\":\"http:\/\/jornalismo.ufsj.edu.br\/site\/#website\",\"url\":\"http:\/\/jornalismo.ufsj.edu.br\/site\/\",\"name\":\"Jornalismo UFSJ\",\"description\":\"\",\"potentialAction\":[{\"@type\":\"SearchAction\",\"target\":{\"@type\":\"EntryPoint\",\"urlTemplate\":\"http:\/\/jornalismo.ufsj.edu.br\/site\/?s={search_term_string}\"},\"query-input\":\"required name=search_term_string\"}],\"inLanguage\":\"pt-BR\"},{\"@type\":\"Person\",\"@id\":\"\"}]}<\/script>\n<!-- \/ Yoast SEO plugin. -->","yoast_head_json":{"title":"Docente do Jornalismo UFSJ publica livro infantil - Jornalismo UFSJ","robots":{"index":"index","follow":"follow","max-snippet":"max-snippet:-1","max-image-preview":"max-image-preview:large","max-video-preview":"max-video-preview:-1"},"canonical":"https:\/\/jornalismo.ufsj.edu.br\/site\/jornalismoufsj\/docente-do-jornalismo-ufsj-publica-livro-infantil\/","og_locale":"pt_BR","og_type":"article","og_title":"Docente do Jornalismo UFSJ publica livro infantil - Jornalismo UFSJ","og_description":"Tamb\u00e9m conhecido como Jairo Far\u00e1, o Prof. Dr. Jairo Faria Mendes publicou um livro agora em setembro","og_url":"https:\/\/jornalismo.ufsj.edu.br\/site\/jornalismoufsj\/docente-do-jornalismo-ufsj-publica-livro-infantil\/","og_site_name":"Jornalismo UFSJ","article_publisher":"https:\/\/www.facebook.com\/jornalismoufsj\/","article_published_time":"2019-09-26T14:31:04+00:00","article_modified_time":"2019-09-22T14:37:02+00:00","og_image":[{"width":1280,"height":960,"url":"https:\/\/jornalismo.ufsj.edu.br\/site\/wp-content\/uploads\/2019\/09\/70444871_394576684573822_1632946986845995008_n.jpg","type":"image\/jpeg"}],"twitter_card":"summary_large_image","twitter_creator":"@jornalismoufsj","twitter_site":"@jornalismoufsj","twitter_misc":{"Escrito por":"","Est. tempo de leitura":"2 minutos"},"schema":{"@context":"https:\/\/schema.org","@graph":[{"@type":"WebPage","@id":"https:\/\/jornalismo.ufsj.edu.br\/site\/jornalismoufsj\/docente-do-jornalismo-ufsj-publica-livro-infantil\/","url":"https:\/\/jornalismo.ufsj.edu.br\/site\/jornalismoufsj\/docente-do-jornalismo-ufsj-publica-livro-infantil\/","name":"Docente do Jornalismo UFSJ publica livro infantil - Jornalismo UFSJ","isPartOf":{"@id":"http:\/\/jornalismo.ufsj.edu.br\/site\/#website"},"datePublished":"2019-09-26T14:31:04+00:00","dateModified":"2019-09-22T14:37:02+00:00","author":{"@id":""},"breadcrumb":{"@id":"https:\/\/jornalismo.ufsj.edu.br\/site\/jornalismoufsj\/docente-do-jornalismo-ufsj-publica-livro-infantil\/#breadcrumb"},"inLanguage":"pt-BR","potentialAction":[{"@type":"ReadAction","target":["https:\/\/jornalismo.ufsj.edu.br\/site\/jornalismoufsj\/docente-do-jornalismo-ufsj-publica-livro-infantil\/"]}]},{"@type":"BreadcrumbList","@id":"https:\/\/jornalismo.ufsj.edu.br\/site\/jornalismoufsj\/docente-do-jornalismo-ufsj-publica-livro-infantil\/#breadcrumb","itemListElement":[{"@type":"ListItem","position":1,"name":"In\u00edcio","item":"http:\/\/jornalismo.ufsj.edu.br\/site\/"},{"@type":"ListItem","position":2,"name":"Docente do Jornalismo UFSJ publica livro infantil"}]},{"@type":"WebSite","@id":"http:\/\/jornalismo.ufsj.edu.br\/site\/#website","url":"http:\/\/jornalismo.ufsj.edu.br\/site\/","name":"Jornalismo UFSJ","description":"","potentialAction":[{"@type":"SearchAction","target":{"@type":"EntryPoint","urlTemplate":"http:\/\/jornalismo.ufsj.edu.br\/site\/?s={search_term_string}"},"query-input":"required name=search_term_string"}],"inLanguage":"pt-BR"},{"@type":"Person","@id":""}]}},"jetpack_featured_media_url":"http:\/\/anu.ufsj.edu.br\/site\/wp-content\/uploads\/2019\/09\/70444871_394576684573822_1632946986845995008_n.jpg","_links":{"self":[{"href":"http:\/\/anu.ufsj.edu.br\/site\/wp-json\/wp\/v2\/posts\/6735"}],"collection":[{"href":"http:\/\/anu.ufsj.edu.br\/site\/wp-json\/wp\/v2\/posts"}],"about":[{"href":"http:\/\/anu.ufsj.edu.br\/site\/wp-json\/wp\/v2\/types\/post"}],"author":[{"embeddable":true,"href":"http:\/\/anu.ufsj.edu.br\/site\/wp-json\/wp\/v2\/users\/3"}],"replies":[{"embeddable":true,"href":"http:\/\/anu.ufsj.edu.br\/site\/wp-json\/wp\/v2\/comments?post=6735"}],"version-history":[{"count":1,"href":"http:\/\/anu.ufsj.edu.br\/site\/wp-json\/wp\/v2\/posts\/6735\/revisions"}],"predecessor-version":[{"id":6738,"href":"http:\/\/anu.ufsj.edu.br\/site\/wp-json\/wp\/v2\/posts\/6735\/revisions\/6738"}],"wp:featuredmedia":[{"embeddable":true,"href":"http:\/\/anu.ufsj.edu.br\/site\/wp-json\/wp\/v2\/media\/6737"}],"wp:attachment":[{"href":"http:\/\/anu.ufsj.edu.br\/site\/wp-json\/wp\/v2\/media?parent=6735"}],"wp:term":[{"taxonomy":"category","embeddable":true,"href":"http:\/\/anu.ufsj.edu.br\/site\/wp-json\/wp\/v2\/categories?post=6735"},{"taxonomy":"post_tag","embeddable":true,"href":"http:\/\/anu.ufsj.edu.br\/site\/wp-json\/wp\/v2\/tags?post=6735"}],"curies":[{"name":"wp","href":"https:\/\/api.w.org\/{rel}","templated":true}]}}