{"id":6771,"date":"2019-10-14T22:16:45","date_gmt":"2019-10-15T01:16:45","guid":{"rendered":"http:\/\/jornalismo.ufsj.edu.br\/site\/?p=6771"},"modified":"2019-10-14T22:34:50","modified_gmt":"2019-10-15T01:34:50","slug":"acompanhe-as-atividades-da-vii-semana-academica-do-jornalismo-ufsj","status":"publish","type":"post","link":"http:\/\/anu.ufsj.edu.br\/site\/jornalismoufsj\/acompanhe-as-atividades-da-vii-semana-academica-do-jornalismo-ufsj\/","title":{"rendered":"ACOMPANHE AS ATIVIDADES DA VII SEMANA ACAD\u00caMICA DO JORNALISMO UFSJ"},"content":{"rendered":"\n<p><em>Evento come\u00e7ou hoje, dia 14, e vai at\u00e9 sexta-feira, dia 18<\/em><\/p>\n\n\n\n<p>&#8220;Comunicando em tempos de crise&#8221;. Esse \u00e9 o tema da VII Semana Acad\u00eamica do Jornalismo UFSJ: <a href=\"http:\/\/jornalismo.ufsj.edu.br\/site\/jornalismoufsj\/inscricoes-abertas-para-a-edicao-2019-da-semana-academica-de-jornalismo-da-ufsj\/\">evento<\/a> organizado pelo Centro Acad\u00eamico de Comunica\u00e7\u00e3o \u2013 Jornalismo da UFSJ (CaCos UFSJ), com apoio da Coordena\u00e7\u00e3o do Curso de Comunica\u00e7\u00e3o Social da UFSJ (CComs  UFSJ). <\/p>\n\n\n\n<p>Durante a sua fala, a coordenadora pro tempore, Profa. Dra. Filomena Bomfim, lembrou que a s\u00e9tima edi\u00e7\u00e3o da Semana \u00e9 ainda mais especial: &#8220;neste ano, estamos comemorando os 10 anos de exist\u00eancia do nosso curso&#8221;.<\/p>\n\n\n\n<p>Em seguida, aconteceu a mesa-redonda com os jornalistas Alice Maciel (<a href=\"https:\/\/apublica.org\">Ag\u00eancia P\u00fablica<\/a>) e Daniel Camargos (<a href=\"https:\/\/reporterbrasil.org.br\">Rep\u00f3rter Brasil<\/a>), que expuseram um pouco sobre seus trabalhos e tiraram d\u00favidas sobre o jornalismo investigativo independente no Brasil.<br><br>Voc\u00ea pode conferir a cobertura em tempo real do evento atrav\u00e9s da <em>fanpage<\/em> do Jornalismo UFSJ no <a href=\"https:\/\/www.facebook.com\/jornalismoufsj\">Facebook<\/a>, na p\u00e1gina da Semana Acad\u00eamica nessa <a href=\"https:\/\/www.facebook.com\/Semana-Acad%C3%AAmica-de-Jornalismo-871960636210731\/?epa=SEARCH_BOX\">mesma rede social<\/a> e atrav\u00e9s do perfil do curso no <a href=\"https:\/\/www.instagram.com\/jornalismoufsj\/\">Instagram<\/a>.<\/p>\n\n\n\n<figure class=\"wp-block-image\"><img loading=\"lazy\" width=\"1024\" height=\"366\" src=\"http:\/\/jornalismo.ufsj.edu.br\/site\/wp-content\/uploads\/2019\/10\/IMG_5574-1024x366.jpg\" alt=\"\" class=\"wp-image-6776\" srcset=\"http:\/\/anu.ufsj.edu.br\/site\/wp-content\/uploads\/2019\/10\/IMG_5574-1024x366.jpg 1024w, http:\/\/anu.ufsj.edu.br\/site\/wp-content\/uploads\/2019\/10\/IMG_5574-300x107.jpg 300w, http:\/\/anu.ufsj.edu.br\/site\/wp-content\/uploads\/2019\/10\/IMG_5574-768x274.jpg 768w\" sizes=\"(max-width: 1024px) 100vw, 1024px\" \/><\/figure>\n\n\n\n<p><br><br><strong>Texto e fotos:<\/strong> Arthur Raposo Gomes<\/p>\n","protected":false},"excerpt":{"rendered":"<p>Evento come\u00e7ou hoje, dia 14, e vai at\u00e9 sexta-feira, dia 18<\/p>\n","protected":false},"author":2,"featured_media":6779,"comment_status":"open","ping_status":"open","sticky":false,"template":"","format":"standard","meta":{"_monsterinsights_skip_tracking":false,"_monsterinsights_sitenote_active":false,"_monsterinsights_sitenote_note":"","_monsterinsights_sitenote_category":0},"categories":[43],"tags":[],"yoast_head":"<!-- This site is optimized with the Yoast SEO plugin v20.6 - https:\/\/yoast.com\/wordpress\/plugins\/seo\/ -->\n<title>ACOMPANHE AS ATIVIDADES DA VII SEMANA ACAD\u00caMICA DO JORNALISMO UFSJ - Jornalismo UFSJ<\/title>\n<meta name=\"robots\" content=\"index, follow, max-snippet:-1, max-image-preview:large, max-video-preview:-1\" \/>\n<link rel=\"canonical\" href=\"http:\/\/jornalismo.ufsj.edu.br\/site\/jornalismoufsj\/acompanhe-as-atividades-da-vii-semana-academica-do-jornalismo-ufsj\/\" \/>\n<meta property=\"og:locale\" content=\"pt_BR\" \/>\n<meta property=\"og:type\" content=\"article\" \/>\n<meta property=\"og:title\" content=\"ACOMPANHE AS ATIVIDADES DA VII SEMANA ACAD\u00caMICA DO JORNALISMO UFSJ - Jornalismo UFSJ\" \/>\n<meta property=\"og:description\" content=\"Evento come\u00e7ou hoje, dia 14, e vai at\u00e9 sexta-feira, dia 18\" \/>\n<meta property=\"og:url\" content=\"http:\/\/jornalismo.ufsj.edu.br\/site\/jornalismoufsj\/acompanhe-as-atividades-da-vii-semana-academica-do-jornalismo-ufsj\/\" \/>\n<meta property=\"og:site_name\" content=\"Jornalismo UFSJ\" \/>\n<meta property=\"article:publisher\" content=\"https:\/\/www.facebook.com\/jornalismoufsj\/\" \/>\n<meta property=\"article:published_time\" content=\"2019-10-15T01:16:45+00:00\" \/>\n<meta property=\"article:modified_time\" content=\"2019-10-15T01:34:50+00:00\" \/>\n<meta property=\"og:image\" content=\"http:\/\/jornalismo.ufsj.edu.br\/site\/wp-content\/uploads\/2019\/10\/PNVM1268-1.jpg\" \/>\n\t<meta property=\"og:image:width\" content=\"2095\" \/>\n\t<meta property=\"og:image:height\" content=\"2618\" \/>\n\t<meta property=\"og:image:type\" content=\"image\/jpeg\" \/>\n<meta name=\"author\" content=\"Jornalismo UFSJ\" \/>\n<meta name=\"twitter:card\" content=\"summary_large_image\" \/>\n<meta name=\"twitter:creator\" content=\"@jornalismoufsj\" \/>\n<meta name=\"twitter:site\" content=\"@jornalismoufsj\" \/>\n<meta name=\"twitter:label1\" content=\"Escrito por\" \/>\n\t<meta name=\"twitter:data1\" content=\"Jornalismo UFSJ\" \/>\n\t<meta name=\"twitter:label2\" content=\"Est. tempo de leitura\" \/>\n\t<meta name=\"twitter:data2\" content=\"1 minuto\" \/>\n<script type=\"application\/ld+json\" class=\"yoast-schema-graph\">{\"@context\":\"https:\/\/schema.org\",\"@graph\":[{\"@type\":\"WebPage\",\"@id\":\"http:\/\/jornalismo.ufsj.edu.br\/site\/jornalismoufsj\/acompanhe-as-atividades-da-vii-semana-academica-do-jornalismo-ufsj\/\",\"url\":\"http:\/\/jornalismo.ufsj.edu.br\/site\/jornalismoufsj\/acompanhe-as-atividades-da-vii-semana-academica-do-jornalismo-ufsj\/\",\"name\":\"ACOMPANHE AS ATIVIDADES DA VII SEMANA ACAD\u00caMICA DO JORNALISMO UFSJ - Jornalismo UFSJ\",\"isPartOf\":{\"@id\":\"http:\/\/jornalismo.ufsj.edu.br\/site\/#website\"},\"datePublished\":\"2019-10-15T01:16:45+00:00\",\"dateModified\":\"2019-10-15T01:34:50+00:00\",\"author\":{\"@id\":\"http:\/\/jornalismo.ufsj.edu.br\/site\/#\/schema\/person\/f2aab557f9f94fdae1e2e2b0e6a81536\"},\"breadcrumb\":{\"@id\":\"http:\/\/jornalismo.ufsj.edu.br\/site\/jornalismoufsj\/acompanhe-as-atividades-da-vii-semana-academica-do-jornalismo-ufsj\/#breadcrumb\"},\"inLanguage\":\"pt-BR\",\"potentialAction\":[{\"@type\":\"ReadAction\",\"target\":[\"http:\/\/jornalismo.ufsj.edu.br\/site\/jornalismoufsj\/acompanhe-as-atividades-da-vii-semana-academica-do-jornalismo-ufsj\/\"]}]},{\"@type\":\"BreadcrumbList\",\"@id\":\"http:\/\/jornalismo.ufsj.edu.br\/site\/jornalismoufsj\/acompanhe-as-atividades-da-vii-semana-academica-do-jornalismo-ufsj\/#breadcrumb\",\"itemListElement\":[{\"@type\":\"ListItem\",\"position\":1,\"name\":\"In\u00edcio\",\"item\":\"http:\/\/jornalismo.ufsj.edu.br\/site\/\"},{\"@type\":\"ListItem\",\"position\":2,\"name\":\"ACOMPANHE AS ATIVIDADES DA VII SEMANA ACAD\u00caMICA DO JORNALISMO UFSJ\"}]},{\"@type\":\"WebSite\",\"@id\":\"http:\/\/jornalismo.ufsj.edu.br\/site\/#website\",\"url\":\"http:\/\/jornalismo.ufsj.edu.br\/site\/\",\"name\":\"Jornalismo UFSJ\",\"description\":\"\",\"potentialAction\":[{\"@type\":\"SearchAction\",\"target\":{\"@type\":\"EntryPoint\",\"urlTemplate\":\"http:\/\/jornalismo.ufsj.edu.br\/site\/?s={search_term_string}\"},\"query-input\":\"required name=search_term_string\"}],\"inLanguage\":\"pt-BR\"},{\"@type\":\"Person\",\"@id\":\"http:\/\/jornalismo.ufsj.edu.br\/site\/#\/schema\/person\/f2aab557f9f94fdae1e2e2b0e6a81536\",\"name\":\"Jornalismo UFSJ\",\"image\":{\"@type\":\"ImageObject\",\"inLanguage\":\"pt-BR\",\"@id\":\"http:\/\/jornalismo.ufsj.edu.br\/site\/#\/schema\/person\/image\/\",\"url\":\"http:\/\/0.gravatar.com\/avatar\/3caca5e541257fa5c0030bb58ce55972?s=96&d=mm&r=g\",\"contentUrl\":\"http:\/\/0.gravatar.com\/avatar\/3caca5e541257fa5c0030bb58ce55972?s=96&d=mm&r=g\",\"caption\":\"Jornalismo UFSJ\"}}]}<\/script>\n<!-- \/ Yoast SEO plugin. -->","yoast_head_json":{"title":"ACOMPANHE AS ATIVIDADES DA VII SEMANA ACAD\u00caMICA DO JORNALISMO UFSJ - Jornalismo UFSJ","robots":{"index":"index","follow":"follow","max-snippet":"max-snippet:-1","max-image-preview":"max-image-preview:large","max-video-preview":"max-video-preview:-1"},"canonical":"http:\/\/jornalismo.ufsj.edu.br\/site\/jornalismoufsj\/acompanhe-as-atividades-da-vii-semana-academica-do-jornalismo-ufsj\/","og_locale":"pt_BR","og_type":"article","og_title":"ACOMPANHE AS ATIVIDADES DA VII SEMANA ACAD\u00caMICA DO JORNALISMO UFSJ - Jornalismo UFSJ","og_description":"Evento come\u00e7ou hoje, dia 14, e vai at\u00e9 sexta-feira, dia 18","og_url":"http:\/\/jornalismo.ufsj.edu.br\/site\/jornalismoufsj\/acompanhe-as-atividades-da-vii-semana-academica-do-jornalismo-ufsj\/","og_site_name":"Jornalismo UFSJ","article_publisher":"https:\/\/www.facebook.com\/jornalismoufsj\/","article_published_time":"2019-10-15T01:16:45+00:00","article_modified_time":"2019-10-15T01:34:50+00:00","og_image":[{"width":2095,"height":2618,"url":"http:\/\/jornalismo.ufsj.edu.br\/site\/wp-content\/uploads\/2019\/10\/PNVM1268-1.jpg","type":"image\/jpeg"}],"author":"Jornalismo UFSJ","twitter_card":"summary_large_image","twitter_creator":"@jornalismoufsj","twitter_site":"@jornalismoufsj","twitter_misc":{"Escrito por":"Jornalismo UFSJ","Est. tempo de leitura":"1 minuto"},"schema":{"@context":"https:\/\/schema.org","@graph":[{"@type":"WebPage","@id":"http:\/\/jornalismo.ufsj.edu.br\/site\/jornalismoufsj\/acompanhe-as-atividades-da-vii-semana-academica-do-jornalismo-ufsj\/","url":"http:\/\/jornalismo.ufsj.edu.br\/site\/jornalismoufsj\/acompanhe-as-atividades-da-vii-semana-academica-do-jornalismo-ufsj\/","name":"ACOMPANHE AS ATIVIDADES DA VII SEMANA ACAD\u00caMICA DO JORNALISMO UFSJ - Jornalismo UFSJ","isPartOf":{"@id":"http:\/\/jornalismo.ufsj.edu.br\/site\/#website"},"datePublished":"2019-10-15T01:16:45+00:00","dateModified":"2019-10-15T01:34:50+00:00","author":{"@id":"http:\/\/jornalismo.ufsj.edu.br\/site\/#\/schema\/person\/f2aab557f9f94fdae1e2e2b0e6a81536"},"breadcrumb":{"@id":"http:\/\/jornalismo.ufsj.edu.br\/site\/jornalismoufsj\/acompanhe-as-atividades-da-vii-semana-academica-do-jornalismo-ufsj\/#breadcrumb"},"inLanguage":"pt-BR","potentialAction":[{"@type":"ReadAction","target":["http:\/\/jornalismo.ufsj.edu.br\/site\/jornalismoufsj\/acompanhe-as-atividades-da-vii-semana-academica-do-jornalismo-ufsj\/"]}]},{"@type":"BreadcrumbList","@id":"http:\/\/jornalismo.ufsj.edu.br\/site\/jornalismoufsj\/acompanhe-as-atividades-da-vii-semana-academica-do-jornalismo-ufsj\/#breadcrumb","itemListElement":[{"@type":"ListItem","position":1,"name":"In\u00edcio","item":"http:\/\/jornalismo.ufsj.edu.br\/site\/"},{"@type":"ListItem","position":2,"name":"ACOMPANHE AS ATIVIDADES DA VII SEMANA ACAD\u00caMICA DO JORNALISMO UFSJ"}]},{"@type":"WebSite","@id":"http:\/\/jornalismo.ufsj.edu.br\/site\/#website","url":"http:\/\/jornalismo.ufsj.edu.br\/site\/","name":"Jornalismo UFSJ","description":"","potentialAction":[{"@type":"SearchAction","target":{"@type":"EntryPoint","urlTemplate":"http:\/\/jornalismo.ufsj.edu.br\/site\/?s={search_term_string}"},"query-input":"required name=search_term_string"}],"inLanguage":"pt-BR"},{"@type":"Person","@id":"http:\/\/jornalismo.ufsj.edu.br\/site\/#\/schema\/person\/f2aab557f9f94fdae1e2e2b0e6a81536","name":"Jornalismo UFSJ","image":{"@type":"ImageObject","inLanguage":"pt-BR","@id":"http:\/\/jornalismo.ufsj.edu.br\/site\/#\/schema\/person\/image\/","url":"http:\/\/0.gravatar.com\/avatar\/3caca5e541257fa5c0030bb58ce55972?s=96&d=mm&r=g","contentUrl":"http:\/\/0.gravatar.com\/avatar\/3caca5e541257fa5c0030bb58ce55972?s=96&d=mm&r=g","caption":"Jornalismo UFSJ"}}]}},"jetpack_featured_media_url":"http:\/\/anu.ufsj.edu.br\/site\/wp-content\/uploads\/2019\/10\/PNVM1268-1.jpg","_links":{"self":[{"href":"http:\/\/anu.ufsj.edu.br\/site\/wp-json\/wp\/v2\/posts\/6771"}],"collection":[{"href":"http:\/\/anu.ufsj.edu.br\/site\/wp-json\/wp\/v2\/posts"}],"about":[{"href":"http:\/\/anu.ufsj.edu.br\/site\/wp-json\/wp\/v2\/types\/post"}],"author":[{"embeddable":true,"href":"http:\/\/anu.ufsj.edu.br\/site\/wp-json\/wp\/v2\/users\/2"}],"replies":[{"embeddable":true,"href":"http:\/\/anu.ufsj.edu.br\/site\/wp-json\/wp\/v2\/comments?post=6771"}],"version-history":[{"count":5,"href":"http:\/\/anu.ufsj.edu.br\/site\/wp-json\/wp\/v2\/posts\/6771\/revisions"}],"predecessor-version":[{"id":6783,"href":"http:\/\/anu.ufsj.edu.br\/site\/wp-json\/wp\/v2\/posts\/6771\/revisions\/6783"}],"wp:featuredmedia":[{"embeddable":true,"href":"http:\/\/anu.ufsj.edu.br\/site\/wp-json\/wp\/v2\/media\/6779"}],"wp:attachment":[{"href":"http:\/\/anu.ufsj.edu.br\/site\/wp-json\/wp\/v2\/media?parent=6771"}],"wp:term":[{"taxonomy":"category","embeddable":true,"href":"http:\/\/anu.ufsj.edu.br\/site\/wp-json\/wp\/v2\/categories?post=6771"},{"taxonomy":"post_tag","embeddable":true,"href":"http:\/\/anu.ufsj.edu.br\/site\/wp-json\/wp\/v2\/tags?post=6771"}],"curies":[{"name":"wp","href":"https:\/\/api.w.org\/{rel}","templated":true}]}}