{"id":6800,"date":"2019-10-24T07:06:27","date_gmt":"2019-10-24T10:06:27","guid":{"rendered":"http:\/\/jornalismo.ufsj.edu.br\/site\/?p=6800"},"modified":"2019-10-23T15:15:41","modified_gmt":"2019-10-23T18:15:41","slug":"ctan-ufsj-sedia-evento-sobre-comunicacao-politica","status":"publish","type":"post","link":"http:\/\/anu.ufsj.edu.br\/site\/comunicacao\/ctan-ufsj-sedia-evento-sobre-comunicacao-politica\/","title":{"rendered":"CTAN UFSJ sedia evento sobre comunica\u00e7\u00e3o pol\u00edtica"},"content":{"rendered":"\n<p><em>Atividade\nsurgiu como demanda de uma das disciplinas do curso<\/em><\/p>\n\n\n\n<p>Fomentar o debate sobre temas da \u00e1rea de Comunica\u00e7\u00e3o e Pol\u00edtica. Esse \u00e9 o objetivo do Semin\u00e1rio Regional de Comunica\u00e7\u00e3o Pol\u00edtica, evento organizado pelo Departamento de Comunica\u00e7\u00e3o Social (Dcoms).<\/p>\n\n\n\n<p>O Semin\u00e1rio come\u00e7a hoje, dia 24, \u00e9 aberto \u00e0 comunidade em geral e acontecer\u00e1 durante cinco semanas \u2013 sempre nas quintas-feiras, \u00e0s 19h, e nas sextas, \u00e0s 21h, na sala 2.21, do REUNI. Confira a programa\u00e7\u00e3o.<\/p>\n\n\n\n<figure class=\"wp-block-image\"><img loading=\"lazy\" width=\"725\" height=\"1024\" src=\"http:\/\/jornalismo.ufsj.edu.br\/site\/wp-content\/uploads\/2019\/10\/Foto-21-10-2019-20-19-49-725x1024.jpg\" alt=\"\" class=\"wp-image-6802\" srcset=\"http:\/\/anu.ufsj.edu.br\/site\/wp-content\/uploads\/2019\/10\/Foto-21-10-2019-20-19-49-725x1024.jpg 725w, http:\/\/anu.ufsj.edu.br\/site\/wp-content\/uploads\/2019\/10\/Foto-21-10-2019-20-19-49-212x300.jpg 212w, http:\/\/anu.ufsj.edu.br\/site\/wp-content\/uploads\/2019\/10\/Foto-21-10-2019-20-19-49-768x1085.jpg 768w, http:\/\/anu.ufsj.edu.br\/site\/wp-content\/uploads\/2019\/10\/Foto-21-10-2019-20-19-49.jpg 1449w\" sizes=\"(max-width: 725px) 100vw, 725px\" \/><\/figure>\n\n\n\n<p>O\nevento \u00e9 promovido pelo Prof. Luiz Ademir de Oliveira juntamente com os\nestagi\u00e1rios docentes da disciplina de Jornalismo Pol\u00edtico. <\/p>\n\n\n\n<p>Para Luiz Ademir, o Semin\u00e1rio vai ser um momento excelente para conversar sobre o cen\u00e1rio pol\u00edtico atual e ainda celebrar os 10 anos de funcionamento do curso de Comunica\u00e7\u00e3o Social \u2013 Jornalismo na UFSJ: \u201ccontaremos, por exemplo, com a presen\u00e7a da L\u00edvia Guimar\u00e3es que se formou na nossa primeira turma e hoje atua como vereadora na C\u00e2mara Municipal de S\u00e3o Jo\u00e3o del-Rei, bem como de ex-alunos que continuaram se dedicando ao estudo e an\u00e1lise de Comunica\u00e7\u00e3o Pol\u00edtica em programas de p\u00f3s-gradua\u00e7\u00e3o. A mestra e doutoranda Mayra Coimbra, e os mestrandos Deborah Vieira e Willian Carvalho tamb\u00e9m estar\u00e3o conosco\u201d, conta.<\/p>\n\n\n\n<p><strong>Para fazer a sua inscri\u00e7\u00e3o<\/strong><\/p>\n\n\n\n<p>A participa\u00e7\u00e3o no evento \u00e9 gratuita e garante certificado de 40 horas aos ouvintes presentes em 75% da programa\u00e7\u00e3o. A inscri\u00e7\u00e3o pode ser feita atrav\u00e9s do <a href=\"https:\/\/www.sympla.com.br\/seminario-regional-de-comunicacao-politica__690666\">link<\/a>.<\/p>\n\n\n\n<p><strong>Texto:<\/strong> Arthur Raposo Gomes<\/p>\n\n\n\n<p><strong>Imagens:<\/strong> Reprodu\u00e7\u00e3o <\/p>\n","protected":false},"excerpt":{"rendered":"<p>Atividade surgiu como demanda de uma das disciplinas do curso<\/p>\n","protected":false},"author":2,"featured_media":6801,"comment_status":"open","ping_status":"open","sticky":false,"template":"","format":"standard","meta":{"_monsterinsights_skip_tracking":false,"_monsterinsights_sitenote_active":false,"_monsterinsights_sitenote_note":"","_monsterinsights_sitenote_category":0},"categories":[12,43,73,74],"tags":[235,169,234,239,241,119,237,238,111,236,229,240],"yoast_head":"<!-- This site is optimized with the Yoast SEO plugin v20.6 - https:\/\/yoast.com\/wordpress\/plugins\/seo\/ -->\n<title>CTAN UFSJ sedia evento sobre comunica\u00e7\u00e3o pol\u00edtica - Jornalismo UFSJ<\/title>\n<meta name=\"robots\" content=\"index, follow, max-snippet:-1, max-image-preview:large, max-video-preview:-1\" \/>\n<link rel=\"canonical\" href=\"http:\/\/jornalismo.ufsj.edu.br\/site\/comunicacao\/ctan-ufsj-sedia-evento-sobre-comunicacao-politica\/\" \/>\n<meta property=\"og:locale\" content=\"pt_BR\" \/>\n<meta property=\"og:type\" content=\"article\" \/>\n<meta property=\"og:title\" content=\"CTAN UFSJ sedia evento sobre comunica\u00e7\u00e3o pol\u00edtica - Jornalismo UFSJ\" \/>\n<meta property=\"og:description\" content=\"Atividade surgiu como demanda de uma das disciplinas do curso\" \/>\n<meta property=\"og:url\" content=\"http:\/\/jornalismo.ufsj.edu.br\/site\/comunicacao\/ctan-ufsj-sedia-evento-sobre-comunicacao-politica\/\" \/>\n<meta property=\"og:site_name\" content=\"Jornalismo UFSJ\" \/>\n<meta property=\"article:publisher\" content=\"https:\/\/www.facebook.com\/jornalismoufsj\/\" \/>\n<meta property=\"article:published_time\" content=\"2019-10-24T10:06:27+00:00\" \/>\n<meta property=\"article:modified_time\" content=\"2019-10-23T18:15:41+00:00\" \/>\n<meta property=\"og:image\" content=\"http:\/\/jornalismo.ufsj.edu.br\/site\/wp-content\/uploads\/2019\/10\/Foto-21-10-2019-20-19-38.jpg\" \/>\n\t<meta property=\"og:image:width\" content=\"1024\" \/>\n\t<meta property=\"og:image:height\" content=\"686\" \/>\n\t<meta property=\"og:image:type\" content=\"image\/jpeg\" \/>\n<meta name=\"author\" content=\"Jornalismo UFSJ\" \/>\n<meta name=\"twitter:card\" content=\"summary_large_image\" \/>\n<meta name=\"twitter:creator\" content=\"@jornalismoufsj\" \/>\n<meta name=\"twitter:site\" content=\"@jornalismoufsj\" \/>\n<meta name=\"twitter:label1\" content=\"Escrito por\" \/>\n\t<meta name=\"twitter:data1\" content=\"Jornalismo UFSJ\" \/>\n\t<meta name=\"twitter:label2\" content=\"Est. tempo de leitura\" \/>\n\t<meta name=\"twitter:data2\" content=\"1 minuto\" \/>\n<script type=\"application\/ld+json\" class=\"yoast-schema-graph\">{\"@context\":\"https:\/\/schema.org\",\"@graph\":[{\"@type\":\"WebPage\",\"@id\":\"http:\/\/jornalismo.ufsj.edu.br\/site\/comunicacao\/ctan-ufsj-sedia-evento-sobre-comunicacao-politica\/\",\"url\":\"http:\/\/jornalismo.ufsj.edu.br\/site\/comunicacao\/ctan-ufsj-sedia-evento-sobre-comunicacao-politica\/\",\"name\":\"CTAN UFSJ sedia evento sobre comunica\u00e7\u00e3o pol\u00edtica - Jornalismo UFSJ\",\"isPartOf\":{\"@id\":\"http:\/\/jornalismo.ufsj.edu.br\/site\/#website\"},\"datePublished\":\"2019-10-24T10:06:27+00:00\",\"dateModified\":\"2019-10-23T18:15:41+00:00\",\"author\":{\"@id\":\"http:\/\/jornalismo.ufsj.edu.br\/site\/#\/schema\/person\/f2aab557f9f94fdae1e2e2b0e6a81536\"},\"breadcrumb\":{\"@id\":\"http:\/\/jornalismo.ufsj.edu.br\/site\/comunicacao\/ctan-ufsj-sedia-evento-sobre-comunicacao-politica\/#breadcrumb\"},\"inLanguage\":\"pt-BR\",\"potentialAction\":[{\"@type\":\"ReadAction\",\"target\":[\"http:\/\/jornalismo.ufsj.edu.br\/site\/comunicacao\/ctan-ufsj-sedia-evento-sobre-comunicacao-politica\/\"]}]},{\"@type\":\"BreadcrumbList\",\"@id\":\"http:\/\/jornalismo.ufsj.edu.br\/site\/comunicacao\/ctan-ufsj-sedia-evento-sobre-comunicacao-politica\/#breadcrumb\",\"itemListElement\":[{\"@type\":\"ListItem\",\"position\":1,\"name\":\"In\u00edcio\",\"item\":\"http:\/\/jornalismo.ufsj.edu.br\/site\/\"},{\"@type\":\"ListItem\",\"position\":2,\"name\":\"CTAN UFSJ sedia evento sobre comunica\u00e7\u00e3o pol\u00edtica\"}]},{\"@type\":\"WebSite\",\"@id\":\"http:\/\/jornalismo.ufsj.edu.br\/site\/#website\",\"url\":\"http:\/\/jornalismo.ufsj.edu.br\/site\/\",\"name\":\"Jornalismo UFSJ\",\"description\":\"\",\"potentialAction\":[{\"@type\":\"SearchAction\",\"target\":{\"@type\":\"EntryPoint\",\"urlTemplate\":\"http:\/\/jornalismo.ufsj.edu.br\/site\/?s={search_term_string}\"},\"query-input\":\"required name=search_term_string\"}],\"inLanguage\":\"pt-BR\"},{\"@type\":\"Person\",\"@id\":\"http:\/\/jornalismo.ufsj.edu.br\/site\/#\/schema\/person\/f2aab557f9f94fdae1e2e2b0e6a81536\",\"name\":\"Jornalismo UFSJ\",\"image\":{\"@type\":\"ImageObject\",\"inLanguage\":\"pt-BR\",\"@id\":\"http:\/\/jornalismo.ufsj.edu.br\/site\/#\/schema\/person\/image\/\",\"url\":\"http:\/\/0.gravatar.com\/avatar\/3caca5e541257fa5c0030bb58ce55972?s=96&d=mm&r=g\",\"contentUrl\":\"http:\/\/0.gravatar.com\/avatar\/3caca5e541257fa5c0030bb58ce55972?s=96&d=mm&r=g\",\"caption\":\"Jornalismo UFSJ\"}}]}<\/script>\n<!-- \/ Yoast SEO plugin. -->","yoast_head_json":{"title":"CTAN UFSJ sedia evento sobre comunica\u00e7\u00e3o pol\u00edtica - Jornalismo UFSJ","robots":{"index":"index","follow":"follow","max-snippet":"max-snippet:-1","max-image-preview":"max-image-preview:large","max-video-preview":"max-video-preview:-1"},"canonical":"http:\/\/jornalismo.ufsj.edu.br\/site\/comunicacao\/ctan-ufsj-sedia-evento-sobre-comunicacao-politica\/","og_locale":"pt_BR","og_type":"article","og_title":"CTAN UFSJ sedia evento sobre comunica\u00e7\u00e3o pol\u00edtica - Jornalismo UFSJ","og_description":"Atividade surgiu como demanda de uma das disciplinas do curso","og_url":"http:\/\/jornalismo.ufsj.edu.br\/site\/comunicacao\/ctan-ufsj-sedia-evento-sobre-comunicacao-politica\/","og_site_name":"Jornalismo UFSJ","article_publisher":"https:\/\/www.facebook.com\/jornalismoufsj\/","article_published_time":"2019-10-24T10:06:27+00:00","article_modified_time":"2019-10-23T18:15:41+00:00","og_image":[{"width":1024,"height":686,"url":"http:\/\/jornalismo.ufsj.edu.br\/site\/wp-content\/uploads\/2019\/10\/Foto-21-10-2019-20-19-38.jpg","type":"image\/jpeg"}],"author":"Jornalismo UFSJ","twitter_card":"summary_large_image","twitter_creator":"@jornalismoufsj","twitter_site":"@jornalismoufsj","twitter_misc":{"Escrito por":"Jornalismo UFSJ","Est. tempo de leitura":"1 minuto"},"schema":{"@context":"https:\/\/schema.org","@graph":[{"@type":"WebPage","@id":"http:\/\/jornalismo.ufsj.edu.br\/site\/comunicacao\/ctan-ufsj-sedia-evento-sobre-comunicacao-politica\/","url":"http:\/\/jornalismo.ufsj.edu.br\/site\/comunicacao\/ctan-ufsj-sedia-evento-sobre-comunicacao-politica\/","name":"CTAN UFSJ sedia evento sobre comunica\u00e7\u00e3o pol\u00edtica - Jornalismo UFSJ","isPartOf":{"@id":"http:\/\/jornalismo.ufsj.edu.br\/site\/#website"},"datePublished":"2019-10-24T10:06:27+00:00","dateModified":"2019-10-23T18:15:41+00:00","author":{"@id":"http:\/\/jornalismo.ufsj.edu.br\/site\/#\/schema\/person\/f2aab557f9f94fdae1e2e2b0e6a81536"},"breadcrumb":{"@id":"http:\/\/jornalismo.ufsj.edu.br\/site\/comunicacao\/ctan-ufsj-sedia-evento-sobre-comunicacao-politica\/#breadcrumb"},"inLanguage":"pt-BR","potentialAction":[{"@type":"ReadAction","target":["http:\/\/jornalismo.ufsj.edu.br\/site\/comunicacao\/ctan-ufsj-sedia-evento-sobre-comunicacao-politica\/"]}]},{"@type":"BreadcrumbList","@id":"http:\/\/jornalismo.ufsj.edu.br\/site\/comunicacao\/ctan-ufsj-sedia-evento-sobre-comunicacao-politica\/#breadcrumb","itemListElement":[{"@type":"ListItem","position":1,"name":"In\u00edcio","item":"http:\/\/jornalismo.ufsj.edu.br\/site\/"},{"@type":"ListItem","position":2,"name":"CTAN UFSJ sedia evento sobre comunica\u00e7\u00e3o pol\u00edtica"}]},{"@type":"WebSite","@id":"http:\/\/jornalismo.ufsj.edu.br\/site\/#website","url":"http:\/\/jornalismo.ufsj.edu.br\/site\/","name":"Jornalismo UFSJ","description":"","potentialAction":[{"@type":"SearchAction","target":{"@type":"EntryPoint","urlTemplate":"http:\/\/jornalismo.ufsj.edu.br\/site\/?s={search_term_string}"},"query-input":"required name=search_term_string"}],"inLanguage":"pt-BR"},{"@type":"Person","@id":"http:\/\/jornalismo.ufsj.edu.br\/site\/#\/schema\/person\/f2aab557f9f94fdae1e2e2b0e6a81536","name":"Jornalismo UFSJ","image":{"@type":"ImageObject","inLanguage":"pt-BR","@id":"http:\/\/jornalismo.ufsj.edu.br\/site\/#\/schema\/person\/image\/","url":"http:\/\/0.gravatar.com\/avatar\/3caca5e541257fa5c0030bb58ce55972?s=96&d=mm&r=g","contentUrl":"http:\/\/0.gravatar.com\/avatar\/3caca5e541257fa5c0030bb58ce55972?s=96&d=mm&r=g","caption":"Jornalismo UFSJ"}}]}},"jetpack_featured_media_url":"http:\/\/anu.ufsj.edu.br\/site\/wp-content\/uploads\/2019\/10\/Foto-21-10-2019-20-19-38.jpg","_links":{"self":[{"href":"http:\/\/anu.ufsj.edu.br\/site\/wp-json\/wp\/v2\/posts\/6800"}],"collection":[{"href":"http:\/\/anu.ufsj.edu.br\/site\/wp-json\/wp\/v2\/posts"}],"about":[{"href":"http:\/\/anu.ufsj.edu.br\/site\/wp-json\/wp\/v2\/types\/post"}],"author":[{"embeddable":true,"href":"http:\/\/anu.ufsj.edu.br\/site\/wp-json\/wp\/v2\/users\/2"}],"replies":[{"embeddable":true,"href":"http:\/\/anu.ufsj.edu.br\/site\/wp-json\/wp\/v2\/comments?post=6800"}],"version-history":[{"count":2,"href":"http:\/\/anu.ufsj.edu.br\/site\/wp-json\/wp\/v2\/posts\/6800\/revisions"}],"predecessor-version":[{"id":6809,"href":"http:\/\/anu.ufsj.edu.br\/site\/wp-json\/wp\/v2\/posts\/6800\/revisions\/6809"}],"wp:featuredmedia":[{"embeddable":true,"href":"http:\/\/anu.ufsj.edu.br\/site\/wp-json\/wp\/v2\/media\/6801"}],"wp:attachment":[{"href":"http:\/\/anu.ufsj.edu.br\/site\/wp-json\/wp\/v2\/media?parent=6800"}],"wp:term":[{"taxonomy":"category","embeddable":true,"href":"http:\/\/anu.ufsj.edu.br\/site\/wp-json\/wp\/v2\/categories?post=6800"},{"taxonomy":"post_tag","embeddable":true,"href":"http:\/\/anu.ufsj.edu.br\/site\/wp-json\/wp\/v2\/tags?post=6800"}],"curies":[{"name":"wp","href":"https:\/\/api.w.org\/{rel}","templated":true}]}}