{"id":6804,"date":"2019-10-25T09:17:04","date_gmt":"2019-10-25T12:17:04","guid":{"rendered":"http:\/\/jornalismo.ufsj.edu.br\/site\/?p=6804"},"modified":"2019-10-23T15:23:11","modified_gmt":"2019-10-23T18:23:11","slug":"conheca-as-fotografias-mais-votadas-da-edicao-2019-do-cartografias-da-primavera","status":"publish","type":"post","link":"http:\/\/anu.ufsj.edu.br\/site\/fotografia\/conheca-as-fotografias-mais-votadas-da-edicao-2019-do-cartografias-da-primavera\/","title":{"rendered":"Conhe\u00e7a as fotografias mais votadas da edi\u00e7\u00e3o 2019 do Cartografias da Primavera"},"content":{"rendered":"\n<p><em>Exposi\u00e7\u00e3o\ne vota\u00e7\u00e3o fazem parte de segundo momento da expedi\u00e7\u00e3o fotogr\u00e1fica<\/em><\/p>\n\n\n\n<p>Depois da primeira parte da atividade acontecer no distrito Vitoriano Veloso, mais conhecido como <a href=\"http:\/\/jornalismo.ufsj.edu.br\/site\/comunicacao\/turmas-de-fotojornalismo-participam-de-expedicao-fotografica-em-bichinho\/\">Bichinho<\/a>, agora foi a vez do pr\u00e9dio do Reuni sediar o segundo momento do Cartografias da Primavera. Na \u00faltima ter\u00e7a-feira, dia 22, ocorreu a exposi\u00e7\u00e3o e vota\u00e7\u00e3o das melhores fotos feitas durante o passeio. Confira o ranking.<\/p>\n\n\n\n<p><strong>1\u00ba lugar \u2013 Larissa Lima<\/strong><\/p>\n\n\n\n<figure class=\"wp-block-image\"><img loading=\"lazy\" width=\"960\" height=\"639\" src=\"http:\/\/jornalismo.ufsj.edu.br\/site\/wp-content\/uploads\/2019\/10\/1-larissa-lima.jpg\" alt=\"\" class=\"wp-image-6805\" srcset=\"http:\/\/anu.ufsj.edu.br\/site\/wp-content\/uploads\/2019\/10\/1-larissa-lima.jpg 960w, http:\/\/anu.ufsj.edu.br\/site\/wp-content\/uploads\/2019\/10\/1-larissa-lima-300x200.jpg 300w, http:\/\/anu.ufsj.edu.br\/site\/wp-content\/uploads\/2019\/10\/1-larissa-lima-768x511.jpg 768w\" sizes=\"(max-width: 960px) 100vw, 960px\" \/><\/figure>\n\n\n\n<p><strong>2\u00ba lugar (houve empate) \u2013 Let\u00edcia Nara e Wellington Oliveira, respectivamente<\/strong><\/p>\n\n\n\n<figure class=\"wp-block-image\"><img loading=\"lazy\" width=\"640\" height=\"468\" src=\"http:\/\/jornalismo.ufsj.edu.br\/site\/wp-content\/uploads\/2019\/10\/3-leticia-nara.jpg\" alt=\"\" class=\"wp-image-6806\" srcset=\"http:\/\/anu.ufsj.edu.br\/site\/wp-content\/uploads\/2019\/10\/3-leticia-nara.jpg 640w, http:\/\/anu.ufsj.edu.br\/site\/wp-content\/uploads\/2019\/10\/3-leticia-nara-300x219.jpg 300w\" sizes=\"(max-width: 640px) 100vw, 640px\" \/><\/figure>\n\n\n\n<figure class=\"wp-block-image\"><img loading=\"lazy\" width=\"960\" height=\"639\" src=\"http:\/\/jornalismo.ufsj.edu.br\/site\/wp-content\/uploads\/2019\/10\/2-wellington-oliveira.jpg\" alt=\"\" class=\"wp-image-6807\" srcset=\"http:\/\/anu.ufsj.edu.br\/site\/wp-content\/uploads\/2019\/10\/2-wellington-oliveira.jpg 960w, http:\/\/anu.ufsj.edu.br\/site\/wp-content\/uploads\/2019\/10\/2-wellington-oliveira-300x200.jpg 300w, http:\/\/anu.ufsj.edu.br\/site\/wp-content\/uploads\/2019\/10\/2-wellington-oliveira-768x511.jpg 768w\" sizes=\"(max-width: 960px) 100vw, 960px\" \/><\/figure>\n\n\n\n<p>A\nProfa. K\u00e1tia Lombardi e o Jornalismo UFSJ parabeniza todos os participantes da\nquinta edi\u00e7\u00e3o do Cartografias da Primavera.<\/p>\n\n\n\n<p><strong>Texto:<\/strong> Arthur Raposo Gomes<\/p>\n\n\n\n<p><strong>Foto da capa:<\/strong> K\u00e1tia Lombardi<\/p>\n","protected":false},"excerpt":{"rendered":"<p>Exposi\u00e7\u00e3o e vota\u00e7\u00e3o fazem parte de segundo momento da expedi\u00e7\u00e3o fotogr\u00e1fica<\/p>\n","protected":false},"author":2,"featured_media":6762,"comment_status":"open","ping_status":"open","sticky":false,"template":"","format":"standard","meta":{"_monsterinsights_skip_tracking":false,"_monsterinsights_sitenote_active":false,"_monsterinsights_sitenote_note":"","_monsterinsights_sitenote_category":0},"categories":[32,43,74],"tags":[228,225,227,161,119,96,226],"yoast_head":"<!-- This site is optimized with the Yoast SEO plugin v20.6 - https:\/\/yoast.com\/wordpress\/plugins\/seo\/ -->\n<title>Conhe\u00e7a as fotografias mais votadas da edi\u00e7\u00e3o 2019 do Cartografias da Primavera - Jornalismo UFSJ<\/title>\n<meta name=\"robots\" content=\"index, follow, max-snippet:-1, max-image-preview:large, max-video-preview:-1\" \/>\n<link rel=\"canonical\" href=\"http:\/\/anu.ufsj.edu.br\/site\/fotografia\/conheca-as-fotografias-mais-votadas-da-edicao-2019-do-cartografias-da-primavera\/\" \/>\n<meta property=\"og:locale\" content=\"pt_BR\" \/>\n<meta property=\"og:type\" content=\"article\" \/>\n<meta property=\"og:title\" content=\"Conhe\u00e7a as fotografias mais votadas da edi\u00e7\u00e3o 2019 do Cartografias da Primavera - Jornalismo UFSJ\" \/>\n<meta property=\"og:description\" content=\"Exposi\u00e7\u00e3o e vota\u00e7\u00e3o fazem parte de segundo momento da expedi\u00e7\u00e3o fotogr\u00e1fica\" \/>\n<meta property=\"og:url\" content=\"http:\/\/anu.ufsj.edu.br\/site\/fotografia\/conheca-as-fotografias-mais-votadas-da-edicao-2019-do-cartografias-da-primavera\/\" \/>\n<meta property=\"og:site_name\" content=\"Jornalismo UFSJ\" \/>\n<meta property=\"article:publisher\" content=\"https:\/\/www.facebook.com\/jornalismoufsj\/\" \/>\n<meta property=\"article:published_time\" content=\"2019-10-25T12:17:04+00:00\" \/>\n<meta property=\"article:modified_time\" content=\"2019-10-23T18:23:11+00:00\" \/>\n<meta property=\"og:image\" content=\"http:\/\/anu.ufsj.edu.br\/site\/wp-content\/uploads\/2019\/10\/72222997_10221562714761499_4415929011167821824_n.jpg\" \/>\n\t<meta property=\"og:image:width\" content=\"960\" \/>\n\t<meta property=\"og:image:height\" content=\"960\" \/>\n\t<meta property=\"og:image:type\" content=\"image\/jpeg\" \/>\n<meta name=\"author\" content=\"Jornalismo UFSJ\" \/>\n<meta name=\"twitter:card\" content=\"summary_large_image\" \/>\n<meta name=\"twitter:creator\" content=\"@jornalismoufsj\" \/>\n<meta name=\"twitter:site\" content=\"@jornalismoufsj\" \/>\n<meta name=\"twitter:label1\" content=\"Escrito por\" \/>\n\t<meta name=\"twitter:data1\" content=\"Jornalismo UFSJ\" \/>\n\t<meta name=\"twitter:label2\" content=\"Est. tempo de leitura\" \/>\n\t<meta name=\"twitter:data2\" content=\"1 minuto\" \/>\n<script type=\"application\/ld+json\" class=\"yoast-schema-graph\">{\"@context\":\"https:\/\/schema.org\",\"@graph\":[{\"@type\":\"WebPage\",\"@id\":\"http:\/\/anu.ufsj.edu.br\/site\/fotografia\/conheca-as-fotografias-mais-votadas-da-edicao-2019-do-cartografias-da-primavera\/\",\"url\":\"http:\/\/anu.ufsj.edu.br\/site\/fotografia\/conheca-as-fotografias-mais-votadas-da-edicao-2019-do-cartografias-da-primavera\/\",\"name\":\"Conhe\u00e7a as fotografias mais votadas da edi\u00e7\u00e3o 2019 do Cartografias da Primavera - Jornalismo UFSJ\",\"isPartOf\":{\"@id\":\"http:\/\/jornalismo.ufsj.edu.br\/site\/#website\"},\"datePublished\":\"2019-10-25T12:17:04+00:00\",\"dateModified\":\"2019-10-23T18:23:11+00:00\",\"author\":{\"@id\":\"http:\/\/jornalismo.ufsj.edu.br\/site\/#\/schema\/person\/f2aab557f9f94fdae1e2e2b0e6a81536\"},\"breadcrumb\":{\"@id\":\"http:\/\/anu.ufsj.edu.br\/site\/fotografia\/conheca-as-fotografias-mais-votadas-da-edicao-2019-do-cartografias-da-primavera\/#breadcrumb\"},\"inLanguage\":\"pt-BR\",\"potentialAction\":[{\"@type\":\"ReadAction\",\"target\":[\"http:\/\/anu.ufsj.edu.br\/site\/fotografia\/conheca-as-fotografias-mais-votadas-da-edicao-2019-do-cartografias-da-primavera\/\"]}]},{\"@type\":\"BreadcrumbList\",\"@id\":\"http:\/\/anu.ufsj.edu.br\/site\/fotografia\/conheca-as-fotografias-mais-votadas-da-edicao-2019-do-cartografias-da-primavera\/#breadcrumb\",\"itemListElement\":[{\"@type\":\"ListItem\",\"position\":1,\"name\":\"In\u00edcio\",\"item\":\"http:\/\/jornalismo.ufsj.edu.br\/site\/\"},{\"@type\":\"ListItem\",\"position\":2,\"name\":\"Conhe\u00e7a as fotografias mais votadas da edi\u00e7\u00e3o 2019 do Cartografias da Primavera\"}]},{\"@type\":\"WebSite\",\"@id\":\"http:\/\/jornalismo.ufsj.edu.br\/site\/#website\",\"url\":\"http:\/\/jornalismo.ufsj.edu.br\/site\/\",\"name\":\"Jornalismo UFSJ\",\"description\":\"\",\"potentialAction\":[{\"@type\":\"SearchAction\",\"target\":{\"@type\":\"EntryPoint\",\"urlTemplate\":\"http:\/\/jornalismo.ufsj.edu.br\/site\/?s={search_term_string}\"},\"query-input\":\"required name=search_term_string\"}],\"inLanguage\":\"pt-BR\"},{\"@type\":\"Person\",\"@id\":\"http:\/\/jornalismo.ufsj.edu.br\/site\/#\/schema\/person\/f2aab557f9f94fdae1e2e2b0e6a81536\",\"name\":\"Jornalismo UFSJ\",\"image\":{\"@type\":\"ImageObject\",\"inLanguage\":\"pt-BR\",\"@id\":\"http:\/\/jornalismo.ufsj.edu.br\/site\/#\/schema\/person\/image\/\",\"url\":\"http:\/\/0.gravatar.com\/avatar\/3caca5e541257fa5c0030bb58ce55972?s=96&d=mm&r=g\",\"contentUrl\":\"http:\/\/0.gravatar.com\/avatar\/3caca5e541257fa5c0030bb58ce55972?s=96&d=mm&r=g\",\"caption\":\"Jornalismo UFSJ\"}}]}<\/script>\n<!-- \/ Yoast SEO plugin. -->","yoast_head_json":{"title":"Conhe\u00e7a as fotografias mais votadas da edi\u00e7\u00e3o 2019 do Cartografias da Primavera - Jornalismo UFSJ","robots":{"index":"index","follow":"follow","max-snippet":"max-snippet:-1","max-image-preview":"max-image-preview:large","max-video-preview":"max-video-preview:-1"},"canonical":"http:\/\/anu.ufsj.edu.br\/site\/fotografia\/conheca-as-fotografias-mais-votadas-da-edicao-2019-do-cartografias-da-primavera\/","og_locale":"pt_BR","og_type":"article","og_title":"Conhe\u00e7a as fotografias mais votadas da edi\u00e7\u00e3o 2019 do Cartografias da Primavera - Jornalismo UFSJ","og_description":"Exposi\u00e7\u00e3o e vota\u00e7\u00e3o fazem parte de segundo momento da expedi\u00e7\u00e3o fotogr\u00e1fica","og_url":"http:\/\/anu.ufsj.edu.br\/site\/fotografia\/conheca-as-fotografias-mais-votadas-da-edicao-2019-do-cartografias-da-primavera\/","og_site_name":"Jornalismo UFSJ","article_publisher":"https:\/\/www.facebook.com\/jornalismoufsj\/","article_published_time":"2019-10-25T12:17:04+00:00","article_modified_time":"2019-10-23T18:23:11+00:00","og_image":[{"width":960,"height":960,"url":"http:\/\/anu.ufsj.edu.br\/site\/wp-content\/uploads\/2019\/10\/72222997_10221562714761499_4415929011167821824_n.jpg","type":"image\/jpeg"}],"author":"Jornalismo UFSJ","twitter_card":"summary_large_image","twitter_creator":"@jornalismoufsj","twitter_site":"@jornalismoufsj","twitter_misc":{"Escrito por":"Jornalismo UFSJ","Est. tempo de leitura":"1 minuto"},"schema":{"@context":"https:\/\/schema.org","@graph":[{"@type":"WebPage","@id":"http:\/\/anu.ufsj.edu.br\/site\/fotografia\/conheca-as-fotografias-mais-votadas-da-edicao-2019-do-cartografias-da-primavera\/","url":"http:\/\/anu.ufsj.edu.br\/site\/fotografia\/conheca-as-fotografias-mais-votadas-da-edicao-2019-do-cartografias-da-primavera\/","name":"Conhe\u00e7a as fotografias mais votadas da edi\u00e7\u00e3o 2019 do Cartografias da Primavera - Jornalismo UFSJ","isPartOf":{"@id":"http:\/\/jornalismo.ufsj.edu.br\/site\/#website"},"datePublished":"2019-10-25T12:17:04+00:00","dateModified":"2019-10-23T18:23:11+00:00","author":{"@id":"http:\/\/jornalismo.ufsj.edu.br\/site\/#\/schema\/person\/f2aab557f9f94fdae1e2e2b0e6a81536"},"breadcrumb":{"@id":"http:\/\/anu.ufsj.edu.br\/site\/fotografia\/conheca-as-fotografias-mais-votadas-da-edicao-2019-do-cartografias-da-primavera\/#breadcrumb"},"inLanguage":"pt-BR","potentialAction":[{"@type":"ReadAction","target":["http:\/\/anu.ufsj.edu.br\/site\/fotografia\/conheca-as-fotografias-mais-votadas-da-edicao-2019-do-cartografias-da-primavera\/"]}]},{"@type":"BreadcrumbList","@id":"http:\/\/anu.ufsj.edu.br\/site\/fotografia\/conheca-as-fotografias-mais-votadas-da-edicao-2019-do-cartografias-da-primavera\/#breadcrumb","itemListElement":[{"@type":"ListItem","position":1,"name":"In\u00edcio","item":"http:\/\/jornalismo.ufsj.edu.br\/site\/"},{"@type":"ListItem","position":2,"name":"Conhe\u00e7a as fotografias mais votadas da edi\u00e7\u00e3o 2019 do Cartografias da Primavera"}]},{"@type":"WebSite","@id":"http:\/\/jornalismo.ufsj.edu.br\/site\/#website","url":"http:\/\/jornalismo.ufsj.edu.br\/site\/","name":"Jornalismo UFSJ","description":"","potentialAction":[{"@type":"SearchAction","target":{"@type":"EntryPoint","urlTemplate":"http:\/\/jornalismo.ufsj.edu.br\/site\/?s={search_term_string}"},"query-input":"required name=search_term_string"}],"inLanguage":"pt-BR"},{"@type":"Person","@id":"http:\/\/jornalismo.ufsj.edu.br\/site\/#\/schema\/person\/f2aab557f9f94fdae1e2e2b0e6a81536","name":"Jornalismo UFSJ","image":{"@type":"ImageObject","inLanguage":"pt-BR","@id":"http:\/\/jornalismo.ufsj.edu.br\/site\/#\/schema\/person\/image\/","url":"http:\/\/0.gravatar.com\/avatar\/3caca5e541257fa5c0030bb58ce55972?s=96&d=mm&r=g","contentUrl":"http:\/\/0.gravatar.com\/avatar\/3caca5e541257fa5c0030bb58ce55972?s=96&d=mm&r=g","caption":"Jornalismo UFSJ"}}]}},"jetpack_featured_media_url":"http:\/\/anu.ufsj.edu.br\/site\/wp-content\/uploads\/2019\/10\/72222997_10221562714761499_4415929011167821824_n.jpg","_links":{"self":[{"href":"http:\/\/anu.ufsj.edu.br\/site\/wp-json\/wp\/v2\/posts\/6804"}],"collection":[{"href":"http:\/\/anu.ufsj.edu.br\/site\/wp-json\/wp\/v2\/posts"}],"about":[{"href":"http:\/\/anu.ufsj.edu.br\/site\/wp-json\/wp\/v2\/types\/post"}],"author":[{"embeddable":true,"href":"http:\/\/anu.ufsj.edu.br\/site\/wp-json\/wp\/v2\/users\/2"}],"replies":[{"embeddable":true,"href":"http:\/\/anu.ufsj.edu.br\/site\/wp-json\/wp\/v2\/comments?post=6804"}],"version-history":[{"count":2,"href":"http:\/\/anu.ufsj.edu.br\/site\/wp-json\/wp\/v2\/posts\/6804\/revisions"}],"predecessor-version":[{"id":6810,"href":"http:\/\/anu.ufsj.edu.br\/site\/wp-json\/wp\/v2\/posts\/6804\/revisions\/6810"}],"wp:featuredmedia":[{"embeddable":true,"href":"http:\/\/anu.ufsj.edu.br\/site\/wp-json\/wp\/v2\/media\/6762"}],"wp:attachment":[{"href":"http:\/\/anu.ufsj.edu.br\/site\/wp-json\/wp\/v2\/media?parent=6804"}],"wp:term":[{"taxonomy":"category","embeddable":true,"href":"http:\/\/anu.ufsj.edu.br\/site\/wp-json\/wp\/v2\/categories?post=6804"},{"taxonomy":"post_tag","embeddable":true,"href":"http:\/\/anu.ufsj.edu.br\/site\/wp-json\/wp\/v2\/tags?post=6804"}],"curies":[{"name":"wp","href":"https:\/\/api.w.org\/{rel}","templated":true}]}}