{"id":6829,"date":"2019-10-30T15:31:50","date_gmt":"2019-10-30T18:31:50","guid":{"rendered":"http:\/\/jornalismo.ufsj.edu.br\/site\/?p=6829"},"modified":"2019-10-30T15:34:05","modified_gmt":"2019-10-30T18:34:05","slug":"estudante-e-selecionada-para-curso-de-jornalismo-digital-no-nexo-jornal","status":"publish","type":"post","link":"http:\/\/anu.ufsj.edu.br\/site\/alunos\/estudante-e-selecionada-para-curso-de-jornalismo-digital-no-nexo-jornal\/","title":{"rendered":"Estudante \u00e9 selecionada para curso de Jornalismo Digital no Nexo Jornal"},"content":{"rendered":"\n<p><em>Ela concorreu com\n609 inscritos de diversas regi\u00f5es do Brasil, entre graduandos e jornalistas\nrec\u00e9m-formados.<\/em><\/p>\n\n\n\n<p>A estudante do curso de Comunica\u00e7\u00e3o Social \u2013 Jornalismo da UFSJ, Thais Andressa, foi uma das trinta selecionadas para participar do <strong>Lab 99 + Nexo de Jornalismo Digital<\/strong><em>, <\/em>que aconteceu entre os dias 11 e 13 de outubro na reda\u00e7\u00e3o do <a href=\"https:\/\/www.nexojornal.com.br\/\">Nexo<\/a> em S\u00e3o Paulo (SP). O evento contou com uma programa\u00e7\u00e3o composta por palestras, oficinas pr\u00e1ticas e outras atividades ministradas por especialistas em mobilidade urbana e em novos formatos do jornalismo digital. A tem\u00e1tica abordada foi \u201cA cidade como pauta: desafios e solu\u00e7\u00f5es de mobilidade urbana\u201d.<\/p>\n\n\n\n<figure class=\"wp-block-image\"><img src=\"http:\/\/jornalismo.ufsj.edu.br\/site\/wp-content\/uploads\/2019\/10\/Lab-Nexo-Thais-3-1024x807.jpeg\" alt=\"\" class=\"wp-image-6831\"\/><figcaption>Registro de Thais com colegas do Lab 99 + Nexo<\/figcaption><\/figure>\n\n\n\n<p>Para Thais foi uma oportunidade\nque marcou sua trajet\u00f3ria: \u201cfiquei impressionada quando o resultado foi\ndivulgado. Uma oportunidade dessas \u00e9 \u00fanica e tem que ser aproveitada ao m\u00e1ximo.\nFoi a primeira vez que estive em S\u00e3o Paulo (SP) e tudo foi muito novo e muito\ninspirador. Durante os tr\u00eas dias participei de palestras que abordaram a\ntem\u00e1tica da mobilidade urbana, al\u00e9m de oficinas que abrangeram desde o\naudiovisual aos podcast\u2019s. Voltei com um foco ainda maior no trabalho que venho\ndesenvolvendo e no desejo de viver novas experi\u00eancias. Aproveitei tamb\u00e9m para\nfazer registros do cen\u00e1rio urbano e do ritmo da cidade\u201d. <\/p>\n\n\n\n<div class=\"wp-block-image\"><figure class=\"alignright is-resized\"><img loading=\"lazy\" src=\"http:\/\/jornalismo.ufsj.edu.br\/site\/wp-content\/uploads\/2019\/10\/Lab-Nexo-Thais-1-1024x768.jpeg\" alt=\"\" class=\"wp-image-6832\" width=\"329\" height=\"247\" srcset=\"http:\/\/anu.ufsj.edu.br\/site\/wp-content\/uploads\/2019\/10\/Lab-Nexo-Thais-1-1024x768.jpeg 1024w, http:\/\/anu.ufsj.edu.br\/site\/wp-content\/uploads\/2019\/10\/Lab-Nexo-Thais-1-300x225.jpeg 300w, http:\/\/anu.ufsj.edu.br\/site\/wp-content\/uploads\/2019\/10\/Lab-Nexo-Thais-1-768x576.jpeg 768w\" sizes=\"(max-width: 329px) 100vw, 329px\" \/><\/figure><\/div>\n\n\n\n<p><strong>P\u00f3s-curso<\/strong><\/p>\n\n\n\n<p>Agora, os participantes est\u00e3o produzindo mat\u00e9rias para serem publicadas no Nexo Jornal. As melhores ser\u00e3o premiadas em uma categoria especial do <strong>Pr\u00eamio 99 de Jornalismo<\/strong>. A estudante destaca ainda que a viagem e a hospedagem foram financiadas pela organiza\u00e7\u00e3o. <\/p>\n\n\n\n<p><strong>Edi\u00e7\u00e3o:<\/strong> Arthur Raposo\nGomes<\/p>\n\n\n\n<p><strong>Fotos:<\/strong> Arquivo pessoal \u2013\nThais Andressa<\/p>\n","protected":false},"excerpt":{"rendered":"<p>Ela concorreu com 609 inscritos de diversas regi\u00f5es do Brasil, entre graduandos e jornalistas rec\u00e9m-formados.<\/p>\n","protected":false},"author":2,"featured_media":6830,"comment_status":"open","ping_status":"open","sticky":false,"template":"","format":"standard","meta":{"_monsterinsights_skip_tracking":false,"_monsterinsights_sitenote_active":false,"_monsterinsights_sitenote_note":"","_monsterinsights_sitenote_category":0},"categories":[6,43],"tags":[242,244,119,245,246,243],"yoast_head":"<!-- This site is optimized with the Yoast SEO plugin v20.6 - https:\/\/yoast.com\/wordpress\/plugins\/seo\/ -->\n<title>Estudante \u00e9 selecionada para curso de Jornalismo Digital no Nexo Jornal - Jornalismo UFSJ<\/title>\n<meta name=\"robots\" content=\"index, follow, max-snippet:-1, max-image-preview:large, max-video-preview:-1\" \/>\n<link rel=\"canonical\" href=\"https:\/\/jornalismo.ufsj.edu.br\/site\/alunos\/estudante-e-selecionada-para-curso-de-jornalismo-digital-no-nexo-jornal\/\" \/>\n<meta property=\"og:locale\" content=\"pt_BR\" \/>\n<meta property=\"og:type\" content=\"article\" \/>\n<meta property=\"og:title\" content=\"Estudante \u00e9 selecionada para curso de Jornalismo Digital no Nexo Jornal - Jornalismo UFSJ\" \/>\n<meta property=\"og:description\" content=\"Ela concorreu com 609 inscritos de diversas regi\u00f5es do Brasil, entre graduandos e jornalistas rec\u00e9m-formados.\" \/>\n<meta property=\"og:url\" content=\"https:\/\/jornalismo.ufsj.edu.br\/site\/alunos\/estudante-e-selecionada-para-curso-de-jornalismo-digital-no-nexo-jornal\/\" \/>\n<meta property=\"og:site_name\" content=\"Jornalismo UFSJ\" \/>\n<meta property=\"article:publisher\" content=\"https:\/\/www.facebook.com\/jornalismoufsj\/\" \/>\n<meta property=\"article:published_time\" content=\"2019-10-30T18:31:50+00:00\" \/>\n<meta property=\"article:modified_time\" content=\"2019-10-30T18:34:05+00:00\" \/>\n<meta property=\"og:image\" content=\"https:\/\/jornalismo.ufsj.edu.br\/site\/wp-content\/uploads\/2019\/10\/Lab-Nexo-Thais-2-1024x807.jpeg\" \/>\n\t<meta property=\"og:image:width\" content=\"1024\" \/>\n\t<meta property=\"og:image:height\" content=\"807\" \/>\n\t<meta property=\"og:image:type\" content=\"image\/jpeg\" \/>\n<meta name=\"author\" content=\"Jornalismo UFSJ\" \/>\n<meta name=\"twitter:card\" content=\"summary_large_image\" \/>\n<meta name=\"twitter:creator\" content=\"@jornalismoufsj\" \/>\n<meta name=\"twitter:site\" content=\"@jornalismoufsj\" \/>\n<meta name=\"twitter:label1\" content=\"Escrito por\" \/>\n\t<meta name=\"twitter:data1\" content=\"Jornalismo UFSJ\" \/>\n\t<meta name=\"twitter:label2\" content=\"Est. tempo de leitura\" \/>\n\t<meta name=\"twitter:data2\" content=\"1 minuto\" \/>\n<script type=\"application\/ld+json\" class=\"yoast-schema-graph\">{\"@context\":\"https:\/\/schema.org\",\"@graph\":[{\"@type\":\"WebPage\",\"@id\":\"https:\/\/jornalismo.ufsj.edu.br\/site\/alunos\/estudante-e-selecionada-para-curso-de-jornalismo-digital-no-nexo-jornal\/\",\"url\":\"https:\/\/jornalismo.ufsj.edu.br\/site\/alunos\/estudante-e-selecionada-para-curso-de-jornalismo-digital-no-nexo-jornal\/\",\"name\":\"Estudante \u00e9 selecionada para curso de Jornalismo Digital no Nexo Jornal - Jornalismo UFSJ\",\"isPartOf\":{\"@id\":\"http:\/\/jornalismo.ufsj.edu.br\/site\/#website\"},\"datePublished\":\"2019-10-30T18:31:50+00:00\",\"dateModified\":\"2019-10-30T18:34:05+00:00\",\"author\":{\"@id\":\"http:\/\/jornalismo.ufsj.edu.br\/site\/#\/schema\/person\/f2aab557f9f94fdae1e2e2b0e6a81536\"},\"breadcrumb\":{\"@id\":\"https:\/\/jornalismo.ufsj.edu.br\/site\/alunos\/estudante-e-selecionada-para-curso-de-jornalismo-digital-no-nexo-jornal\/#breadcrumb\"},\"inLanguage\":\"pt-BR\",\"potentialAction\":[{\"@type\":\"ReadAction\",\"target\":[\"https:\/\/jornalismo.ufsj.edu.br\/site\/alunos\/estudante-e-selecionada-para-curso-de-jornalismo-digital-no-nexo-jornal\/\"]}]},{\"@type\":\"BreadcrumbList\",\"@id\":\"https:\/\/jornalismo.ufsj.edu.br\/site\/alunos\/estudante-e-selecionada-para-curso-de-jornalismo-digital-no-nexo-jornal\/#breadcrumb\",\"itemListElement\":[{\"@type\":\"ListItem\",\"position\":1,\"name\":\"In\u00edcio\",\"item\":\"http:\/\/jornalismo.ufsj.edu.br\/site\/\"},{\"@type\":\"ListItem\",\"position\":2,\"name\":\"Estudante \u00e9 selecionada para curso de Jornalismo Digital no Nexo Jornal\"}]},{\"@type\":\"WebSite\",\"@id\":\"http:\/\/jornalismo.ufsj.edu.br\/site\/#website\",\"url\":\"http:\/\/jornalismo.ufsj.edu.br\/site\/\",\"name\":\"Jornalismo UFSJ\",\"description\":\"\",\"potentialAction\":[{\"@type\":\"SearchAction\",\"target\":{\"@type\":\"EntryPoint\",\"urlTemplate\":\"http:\/\/jornalismo.ufsj.edu.br\/site\/?s={search_term_string}\"},\"query-input\":\"required name=search_term_string\"}],\"inLanguage\":\"pt-BR\"},{\"@type\":\"Person\",\"@id\":\"http:\/\/jornalismo.ufsj.edu.br\/site\/#\/schema\/person\/f2aab557f9f94fdae1e2e2b0e6a81536\",\"name\":\"Jornalismo UFSJ\",\"image\":{\"@type\":\"ImageObject\",\"inLanguage\":\"pt-BR\",\"@id\":\"http:\/\/jornalismo.ufsj.edu.br\/site\/#\/schema\/person\/image\/\",\"url\":\"http:\/\/0.gravatar.com\/avatar\/3caca5e541257fa5c0030bb58ce55972?s=96&d=mm&r=g\",\"contentUrl\":\"http:\/\/0.gravatar.com\/avatar\/3caca5e541257fa5c0030bb58ce55972?s=96&d=mm&r=g\",\"caption\":\"Jornalismo UFSJ\"}}]}<\/script>\n<!-- \/ Yoast SEO plugin. -->","yoast_head_json":{"title":"Estudante \u00e9 selecionada para curso de Jornalismo Digital no Nexo Jornal - Jornalismo UFSJ","robots":{"index":"index","follow":"follow","max-snippet":"max-snippet:-1","max-image-preview":"max-image-preview:large","max-video-preview":"max-video-preview:-1"},"canonical":"https:\/\/jornalismo.ufsj.edu.br\/site\/alunos\/estudante-e-selecionada-para-curso-de-jornalismo-digital-no-nexo-jornal\/","og_locale":"pt_BR","og_type":"article","og_title":"Estudante \u00e9 selecionada para curso de Jornalismo Digital no Nexo Jornal - Jornalismo UFSJ","og_description":"Ela concorreu com 609 inscritos de diversas regi\u00f5es do Brasil, entre graduandos e jornalistas rec\u00e9m-formados.","og_url":"https:\/\/jornalismo.ufsj.edu.br\/site\/alunos\/estudante-e-selecionada-para-curso-de-jornalismo-digital-no-nexo-jornal\/","og_site_name":"Jornalismo UFSJ","article_publisher":"https:\/\/www.facebook.com\/jornalismoufsj\/","article_published_time":"2019-10-30T18:31:50+00:00","article_modified_time":"2019-10-30T18:34:05+00:00","og_image":[{"width":1024,"height":807,"url":"https:\/\/jornalismo.ufsj.edu.br\/site\/wp-content\/uploads\/2019\/10\/Lab-Nexo-Thais-2-1024x807.jpeg","type":"image\/jpeg"}],"author":"Jornalismo UFSJ","twitter_card":"summary_large_image","twitter_creator":"@jornalismoufsj","twitter_site":"@jornalismoufsj","twitter_misc":{"Escrito por":"Jornalismo UFSJ","Est. tempo de leitura":"1 minuto"},"schema":{"@context":"https:\/\/schema.org","@graph":[{"@type":"WebPage","@id":"https:\/\/jornalismo.ufsj.edu.br\/site\/alunos\/estudante-e-selecionada-para-curso-de-jornalismo-digital-no-nexo-jornal\/","url":"https:\/\/jornalismo.ufsj.edu.br\/site\/alunos\/estudante-e-selecionada-para-curso-de-jornalismo-digital-no-nexo-jornal\/","name":"Estudante \u00e9 selecionada para curso de Jornalismo Digital no Nexo Jornal - Jornalismo UFSJ","isPartOf":{"@id":"http:\/\/jornalismo.ufsj.edu.br\/site\/#website"},"datePublished":"2019-10-30T18:31:50+00:00","dateModified":"2019-10-30T18:34:05+00:00","author":{"@id":"http:\/\/jornalismo.ufsj.edu.br\/site\/#\/schema\/person\/f2aab557f9f94fdae1e2e2b0e6a81536"},"breadcrumb":{"@id":"https:\/\/jornalismo.ufsj.edu.br\/site\/alunos\/estudante-e-selecionada-para-curso-de-jornalismo-digital-no-nexo-jornal\/#breadcrumb"},"inLanguage":"pt-BR","potentialAction":[{"@type":"ReadAction","target":["https:\/\/jornalismo.ufsj.edu.br\/site\/alunos\/estudante-e-selecionada-para-curso-de-jornalismo-digital-no-nexo-jornal\/"]}]},{"@type":"BreadcrumbList","@id":"https:\/\/jornalismo.ufsj.edu.br\/site\/alunos\/estudante-e-selecionada-para-curso-de-jornalismo-digital-no-nexo-jornal\/#breadcrumb","itemListElement":[{"@type":"ListItem","position":1,"name":"In\u00edcio","item":"http:\/\/jornalismo.ufsj.edu.br\/site\/"},{"@type":"ListItem","position":2,"name":"Estudante \u00e9 selecionada para curso de Jornalismo Digital no Nexo Jornal"}]},{"@type":"WebSite","@id":"http:\/\/jornalismo.ufsj.edu.br\/site\/#website","url":"http:\/\/jornalismo.ufsj.edu.br\/site\/","name":"Jornalismo UFSJ","description":"","potentialAction":[{"@type":"SearchAction","target":{"@type":"EntryPoint","urlTemplate":"http:\/\/jornalismo.ufsj.edu.br\/site\/?s={search_term_string}"},"query-input":"required name=search_term_string"}],"inLanguage":"pt-BR"},{"@type":"Person","@id":"http:\/\/jornalismo.ufsj.edu.br\/site\/#\/schema\/person\/f2aab557f9f94fdae1e2e2b0e6a81536","name":"Jornalismo UFSJ","image":{"@type":"ImageObject","inLanguage":"pt-BR","@id":"http:\/\/jornalismo.ufsj.edu.br\/site\/#\/schema\/person\/image\/","url":"http:\/\/0.gravatar.com\/avatar\/3caca5e541257fa5c0030bb58ce55972?s=96&d=mm&r=g","contentUrl":"http:\/\/0.gravatar.com\/avatar\/3caca5e541257fa5c0030bb58ce55972?s=96&d=mm&r=g","caption":"Jornalismo UFSJ"}}]}},"jetpack_featured_media_url":"http:\/\/anu.ufsj.edu.br\/site\/wp-content\/uploads\/2019\/10\/Lab-Nexo-Thais-2.jpeg","_links":{"self":[{"href":"http:\/\/anu.ufsj.edu.br\/site\/wp-json\/wp\/v2\/posts\/6829"}],"collection":[{"href":"http:\/\/anu.ufsj.edu.br\/site\/wp-json\/wp\/v2\/posts"}],"about":[{"href":"http:\/\/anu.ufsj.edu.br\/site\/wp-json\/wp\/v2\/types\/post"}],"author":[{"embeddable":true,"href":"http:\/\/anu.ufsj.edu.br\/site\/wp-json\/wp\/v2\/users\/2"}],"replies":[{"embeddable":true,"href":"http:\/\/anu.ufsj.edu.br\/site\/wp-json\/wp\/v2\/comments?post=6829"}],"version-history":[{"count":2,"href":"http:\/\/anu.ufsj.edu.br\/site\/wp-json\/wp\/v2\/posts\/6829\/revisions"}],"predecessor-version":[{"id":6834,"href":"http:\/\/anu.ufsj.edu.br\/site\/wp-json\/wp\/v2\/posts\/6829\/revisions\/6834"}],"wp:featuredmedia":[{"embeddable":true,"href":"http:\/\/anu.ufsj.edu.br\/site\/wp-json\/wp\/v2\/media\/6830"}],"wp:attachment":[{"href":"http:\/\/anu.ufsj.edu.br\/site\/wp-json\/wp\/v2\/media?parent=6829"}],"wp:term":[{"taxonomy":"category","embeddable":true,"href":"http:\/\/anu.ufsj.edu.br\/site\/wp-json\/wp\/v2\/categories?post=6829"},{"taxonomy":"post_tag","embeddable":true,"href":"http:\/\/anu.ufsj.edu.br\/site\/wp-json\/wp\/v2\/tags?post=6829"}],"curies":[{"name":"wp","href":"https:\/\/api.w.org\/{rel}","templated":true}]}}