{"id":6853,"date":"2019-11-18T16:50:52","date_gmt":"2019-11-18T19:50:52","guid":{"rendered":"http:\/\/jornalismo.ufsj.edu.br\/site\/?p=6853"},"modified":"2019-11-18T16:50:58","modified_gmt":"2019-11-18T19:50:58","slug":"professoras-de-jornalismo-participam-de-programacao-de-eventos","status":"publish","type":"post","link":"http:\/\/anu.ufsj.edu.br\/site\/jornalismoufsj\/professoras-de-jornalismo-participam-de-programacao-de-eventos\/","title":{"rendered":"Professoras de Jornalismo participam de programa\u00e7\u00e3o de eventos"},"content":{"rendered":"\n<p><em>As\ndocentes Filomena Bomfim e Vanessa Maia ir\u00e3o debater sobre assuntos distintos<\/em><\/p>\n\n\n\n<p>Nesta\nsemana, dois eventos que ocorrem em S\u00e3o Jo\u00e3o del-Rei contar\u00e3o com a presen\u00e7a de\ndocentes do curso de Comunica\u00e7\u00e3o Social \u2013 Jornalismo da UFSJ. Ambos os eventos\ns\u00e3o gratuitos e abertos aos interessados. Confira!<\/p>\n\n\n\n<p><strong>&#8211;\nI Semana de Resist\u00eancia e Enfrentamento ao Racismo (Uniptan)<\/strong><\/p>\n\n\n\n<div class=\"wp-block-image\"><figure class=\"alignright is-resized\"><img loading=\"lazy\" src=\"http:\/\/jornalismo.ufsj.edu.br\/site\/wp-content\/uploads\/2019\/11\/WhatsApp-Image-2019-11-13-at-10.41.22-1-1024x1024.jpeg\" alt=\"\" class=\"wp-image-6855\" width=\"269\" height=\"269\" srcset=\"http:\/\/anu.ufsj.edu.br\/site\/wp-content\/uploads\/2019\/11\/WhatsApp-Image-2019-11-13-at-10.41.22-1-1024x1024.jpeg 1024w, http:\/\/anu.ufsj.edu.br\/site\/wp-content\/uploads\/2019\/11\/WhatsApp-Image-2019-11-13-at-10.41.22-1-150x150.jpeg 150w, http:\/\/anu.ufsj.edu.br\/site\/wp-content\/uploads\/2019\/11\/WhatsApp-Image-2019-11-13-at-10.41.22-1-300x300.jpeg 300w, http:\/\/anu.ufsj.edu.br\/site\/wp-content\/uploads\/2019\/11\/WhatsApp-Image-2019-11-13-at-10.41.22-1-768x768.jpeg 768w, http:\/\/anu.ufsj.edu.br\/site\/wp-content\/uploads\/2019\/11\/WhatsApp-Image-2019-11-13-at-10.41.22-1.jpeg 1280w\" sizes=\"(max-width: 269px) 100vw, 269px\" \/><\/figure><\/div>\n\n\n\n<p>Organizado pela Coordena\u00e7\u00e3o de Pesquisa e Extens\u00e3o do <a href=\"https:\/\/www.uniptan.edu.br\/\">Uniptan<\/a>, o evento acontece entre os dias 18 e 21 de novembro e tem o objetivo de discutir e destacar o Dia Nacional da Consci\u00eancia Negra, datado em 20 de novembro.<br>  <\/p>\n\n\n\n<p>A professora Filomena Bomfim participar\u00e1 da mesa-redonda \u201cDebate e perspectivas sobre as quest\u00f5es \u00e9tnico-raciais\u201d, na quarta-feira, dia 20, com in\u00edcio previsto para \u00e0s 21h.<br><br>O Uniptan fica na Av. Leite de Castro, n. 1101, bairro F\u00e1bricas. As inscri\u00e7\u00f5es podem ser feitas pelo link dispon\u00edvel <a href=\"https:\/\/www.even3.com.br\/semanadaresistencia\/\">aqui<\/a>.<\/p>\n\n\n\n<p><strong>&#8211; I Encontro Capitalismo, Democracia e M\u00eddia (UFSJ)<\/strong><\/p>\n\n\n\n<p>Promovido pelas professoras Patr\u00edcia Mattos \u2013 que, inclusive, \u00e9 respons\u00e1vel por algumas disciplinas do curso de Jornalismo \u2013 e C\u00e1ssia Palha, o <a href=\"https:\/\/www.facebook.com\/capitalismodemocraciaemidia\">Encontro<\/a> ser\u00e1 realizado entre os dias 21 e 22 de novembro, pr\u00f3xima quinta e sexta-feira, no Campus Dom Bosco da UFSJ.<\/p>\n\n\n\n<div class=\"wp-block-image\"><figure class=\"alignright is-resized\"><img loading=\"lazy\" src=\"http:\/\/jornalismo.ufsj.edu.br\/site\/wp-content\/uploads\/2019\/11\/75472800_109759267135571_1822867520097353728_o.jpg\" alt=\"\" class=\"wp-image-6856\" width=\"312\" height=\"441\" srcset=\"http:\/\/anu.ufsj.edu.br\/site\/wp-content\/uploads\/2019\/11\/75472800_109759267135571_1822867520097353728_o.jpg 679w, http:\/\/anu.ufsj.edu.br\/site\/wp-content\/uploads\/2019\/11\/75472800_109759267135571_1822867520097353728_o-212x300.jpg 212w\" sizes=\"(max-width: 312px) 100vw, 312px\" \/><\/figure><\/div>\n\n\n\n<p>Visando\ndiscutir os efeitos do capitalismo financeirizado, os desafios da democracia\nnuma economia desregulamentada e a influ\u00eancia da m\u00eddia nesse contexto, a\nprograma\u00e7\u00e3o ser\u00e1 constitu\u00edda por diversos momentos. Entre esses, a mesa \u201cM\u00eddia\ne Capitalismo\u201d que a professora Vanessa Maia ir\u00e1 participar, no dia 22, \u00e0s 15h.\n<\/p>\n\n\n\n<p>Quem quiser fazer a inscri\u00e7\u00e3o nesse evento para garantir a certifica\u00e7\u00e3o, basta acessar o <a href=\"http:\/\/(https:\/\/docs.google.com\/forms\/d\/12kfsJ6eyySYyIlt1I2dq03RqoGox95B0PC_HZ9E56Zo\/viewform?edit_requested=true\">link<\/a>.<\/p>\n\n\n\n<p><strong>Texto:<\/strong> Arthur Raposo\nGomes<\/p>\n\n\n\n<p><strong>Imagens:<\/strong> Reprodu\u00e7\u00e3o<\/p>\n","protected":false},"excerpt":{"rendered":"<p>As docentes Filomena Bomfim e Vanessa Maia ir\u00e3o debater sobre assuntos distintos<\/p>\n","protected":false},"author":2,"featured_media":6854,"comment_status":"open","ping_status":"open","sticky":false,"template":"","format":"standard","meta":{"_monsterinsights_skip_tracking":false,"_monsterinsights_sitenote_active":false,"_monsterinsights_sitenote_note":"","_monsterinsights_sitenote_category":0},"categories":[43,65],"tags":[264,265,263,119,268,266,267,96,262],"yoast_head":"<!-- This site is optimized with the Yoast SEO plugin v20.6 - https:\/\/yoast.com\/wordpress\/plugins\/seo\/ -->\n<title>Professoras de Jornalismo participam de programa\u00e7\u00e3o de eventos - Jornalismo UFSJ<\/title>\n<meta name=\"robots\" content=\"index, follow, max-snippet:-1, max-image-preview:large, max-video-preview:-1\" \/>\n<link rel=\"canonical\" href=\"http:\/\/anu.ufsj.edu.br\/site\/jornalismoufsj\/professoras-de-jornalismo-participam-de-programacao-de-eventos\/\" \/>\n<meta property=\"og:locale\" content=\"pt_BR\" \/>\n<meta property=\"og:type\" content=\"article\" \/>\n<meta property=\"og:title\" content=\"Professoras de Jornalismo participam de programa\u00e7\u00e3o de eventos - Jornalismo UFSJ\" \/>\n<meta property=\"og:description\" content=\"As docentes Filomena Bomfim e Vanessa Maia ir\u00e3o debater sobre assuntos distintos\" \/>\n<meta property=\"og:url\" content=\"http:\/\/anu.ufsj.edu.br\/site\/jornalismoufsj\/professoras-de-jornalismo-participam-de-programacao-de-eventos\/\" \/>\n<meta property=\"og:site_name\" content=\"Jornalismo UFSJ\" \/>\n<meta property=\"article:publisher\" content=\"https:\/\/www.facebook.com\/jornalismoufsj\/\" \/>\n<meta property=\"article:published_time\" content=\"2019-11-18T19:50:52+00:00\" \/>\n<meta property=\"article:modified_time\" content=\"2019-11-18T19:50:58+00:00\" \/>\n<meta property=\"og:image\" content=\"http:\/\/anu.ufsj.edu.br\/site\/wp-content\/uploads\/2019\/11\/WhatsApp-Image-2019-11-13-at-10.41.22.jpeg\" \/>\n\t<meta property=\"og:image:width\" content=\"1280\" \/>\n\t<meta property=\"og:image:height\" content=\"1280\" \/>\n\t<meta property=\"og:image:type\" content=\"image\/jpeg\" \/>\n<meta name=\"author\" content=\"Jornalismo UFSJ\" \/>\n<meta name=\"twitter:card\" content=\"summary_large_image\" \/>\n<meta name=\"twitter:creator\" content=\"@jornalismoufsj\" \/>\n<meta name=\"twitter:site\" content=\"@jornalismoufsj\" \/>\n<meta name=\"twitter:label1\" content=\"Escrito por\" \/>\n\t<meta name=\"twitter:data1\" content=\"Jornalismo UFSJ\" \/>\n\t<meta name=\"twitter:label2\" content=\"Est. tempo de leitura\" \/>\n\t<meta name=\"twitter:data2\" content=\"1 minuto\" \/>\n<script type=\"application\/ld+json\" class=\"yoast-schema-graph\">{\"@context\":\"https:\/\/schema.org\",\"@graph\":[{\"@type\":\"WebPage\",\"@id\":\"http:\/\/anu.ufsj.edu.br\/site\/jornalismoufsj\/professoras-de-jornalismo-participam-de-programacao-de-eventos\/\",\"url\":\"http:\/\/anu.ufsj.edu.br\/site\/jornalismoufsj\/professoras-de-jornalismo-participam-de-programacao-de-eventos\/\",\"name\":\"Professoras de Jornalismo participam de programa\u00e7\u00e3o de eventos - Jornalismo UFSJ\",\"isPartOf\":{\"@id\":\"http:\/\/jornalismo.ufsj.edu.br\/site\/#website\"},\"datePublished\":\"2019-11-18T19:50:52+00:00\",\"dateModified\":\"2019-11-18T19:50:58+00:00\",\"author\":{\"@id\":\"http:\/\/jornalismo.ufsj.edu.br\/site\/#\/schema\/person\/f2aab557f9f94fdae1e2e2b0e6a81536\"},\"breadcrumb\":{\"@id\":\"http:\/\/anu.ufsj.edu.br\/site\/jornalismoufsj\/professoras-de-jornalismo-participam-de-programacao-de-eventos\/#breadcrumb\"},\"inLanguage\":\"pt-BR\",\"potentialAction\":[{\"@type\":\"ReadAction\",\"target\":[\"http:\/\/anu.ufsj.edu.br\/site\/jornalismoufsj\/professoras-de-jornalismo-participam-de-programacao-de-eventos\/\"]}]},{\"@type\":\"BreadcrumbList\",\"@id\":\"http:\/\/anu.ufsj.edu.br\/site\/jornalismoufsj\/professoras-de-jornalismo-participam-de-programacao-de-eventos\/#breadcrumb\",\"itemListElement\":[{\"@type\":\"ListItem\",\"position\":1,\"name\":\"In\u00edcio\",\"item\":\"http:\/\/jornalismo.ufsj.edu.br\/site\/\"},{\"@type\":\"ListItem\",\"position\":2,\"name\":\"Professoras de Jornalismo participam de programa\u00e7\u00e3o de eventos\"}]},{\"@type\":\"WebSite\",\"@id\":\"http:\/\/jornalismo.ufsj.edu.br\/site\/#website\",\"url\":\"http:\/\/jornalismo.ufsj.edu.br\/site\/\",\"name\":\"Jornalismo UFSJ\",\"description\":\"\",\"potentialAction\":[{\"@type\":\"SearchAction\",\"target\":{\"@type\":\"EntryPoint\",\"urlTemplate\":\"http:\/\/jornalismo.ufsj.edu.br\/site\/?s={search_term_string}\"},\"query-input\":\"required name=search_term_string\"}],\"inLanguage\":\"pt-BR\"},{\"@type\":\"Person\",\"@id\":\"http:\/\/jornalismo.ufsj.edu.br\/site\/#\/schema\/person\/f2aab557f9f94fdae1e2e2b0e6a81536\",\"name\":\"Jornalismo UFSJ\",\"image\":{\"@type\":\"ImageObject\",\"inLanguage\":\"pt-BR\",\"@id\":\"http:\/\/jornalismo.ufsj.edu.br\/site\/#\/schema\/person\/image\/\",\"url\":\"http:\/\/0.gravatar.com\/avatar\/3caca5e541257fa5c0030bb58ce55972?s=96&d=mm&r=g\",\"contentUrl\":\"http:\/\/0.gravatar.com\/avatar\/3caca5e541257fa5c0030bb58ce55972?s=96&d=mm&r=g\",\"caption\":\"Jornalismo UFSJ\"}}]}<\/script>\n<!-- \/ Yoast SEO plugin. -->","yoast_head_json":{"title":"Professoras de Jornalismo participam de programa\u00e7\u00e3o de eventos - Jornalismo UFSJ","robots":{"index":"index","follow":"follow","max-snippet":"max-snippet:-1","max-image-preview":"max-image-preview:large","max-video-preview":"max-video-preview:-1"},"canonical":"http:\/\/anu.ufsj.edu.br\/site\/jornalismoufsj\/professoras-de-jornalismo-participam-de-programacao-de-eventos\/","og_locale":"pt_BR","og_type":"article","og_title":"Professoras de Jornalismo participam de programa\u00e7\u00e3o de eventos - Jornalismo UFSJ","og_description":"As docentes Filomena Bomfim e Vanessa Maia ir\u00e3o debater sobre assuntos distintos","og_url":"http:\/\/anu.ufsj.edu.br\/site\/jornalismoufsj\/professoras-de-jornalismo-participam-de-programacao-de-eventos\/","og_site_name":"Jornalismo UFSJ","article_publisher":"https:\/\/www.facebook.com\/jornalismoufsj\/","article_published_time":"2019-11-18T19:50:52+00:00","article_modified_time":"2019-11-18T19:50:58+00:00","og_image":[{"width":1280,"height":1280,"url":"http:\/\/anu.ufsj.edu.br\/site\/wp-content\/uploads\/2019\/11\/WhatsApp-Image-2019-11-13-at-10.41.22.jpeg","type":"image\/jpeg"}],"author":"Jornalismo UFSJ","twitter_card":"summary_large_image","twitter_creator":"@jornalismoufsj","twitter_site":"@jornalismoufsj","twitter_misc":{"Escrito por":"Jornalismo UFSJ","Est. tempo de leitura":"1 minuto"},"schema":{"@context":"https:\/\/schema.org","@graph":[{"@type":"WebPage","@id":"http:\/\/anu.ufsj.edu.br\/site\/jornalismoufsj\/professoras-de-jornalismo-participam-de-programacao-de-eventos\/","url":"http:\/\/anu.ufsj.edu.br\/site\/jornalismoufsj\/professoras-de-jornalismo-participam-de-programacao-de-eventos\/","name":"Professoras de Jornalismo participam de programa\u00e7\u00e3o de eventos - Jornalismo UFSJ","isPartOf":{"@id":"http:\/\/jornalismo.ufsj.edu.br\/site\/#website"},"datePublished":"2019-11-18T19:50:52+00:00","dateModified":"2019-11-18T19:50:58+00:00","author":{"@id":"http:\/\/jornalismo.ufsj.edu.br\/site\/#\/schema\/person\/f2aab557f9f94fdae1e2e2b0e6a81536"},"breadcrumb":{"@id":"http:\/\/anu.ufsj.edu.br\/site\/jornalismoufsj\/professoras-de-jornalismo-participam-de-programacao-de-eventos\/#breadcrumb"},"inLanguage":"pt-BR","potentialAction":[{"@type":"ReadAction","target":["http:\/\/anu.ufsj.edu.br\/site\/jornalismoufsj\/professoras-de-jornalismo-participam-de-programacao-de-eventos\/"]}]},{"@type":"BreadcrumbList","@id":"http:\/\/anu.ufsj.edu.br\/site\/jornalismoufsj\/professoras-de-jornalismo-participam-de-programacao-de-eventos\/#breadcrumb","itemListElement":[{"@type":"ListItem","position":1,"name":"In\u00edcio","item":"http:\/\/jornalismo.ufsj.edu.br\/site\/"},{"@type":"ListItem","position":2,"name":"Professoras de Jornalismo participam de programa\u00e7\u00e3o de eventos"}]},{"@type":"WebSite","@id":"http:\/\/jornalismo.ufsj.edu.br\/site\/#website","url":"http:\/\/jornalismo.ufsj.edu.br\/site\/","name":"Jornalismo UFSJ","description":"","potentialAction":[{"@type":"SearchAction","target":{"@type":"EntryPoint","urlTemplate":"http:\/\/jornalismo.ufsj.edu.br\/site\/?s={search_term_string}"},"query-input":"required name=search_term_string"}],"inLanguage":"pt-BR"},{"@type":"Person","@id":"http:\/\/jornalismo.ufsj.edu.br\/site\/#\/schema\/person\/f2aab557f9f94fdae1e2e2b0e6a81536","name":"Jornalismo UFSJ","image":{"@type":"ImageObject","inLanguage":"pt-BR","@id":"http:\/\/jornalismo.ufsj.edu.br\/site\/#\/schema\/person\/image\/","url":"http:\/\/0.gravatar.com\/avatar\/3caca5e541257fa5c0030bb58ce55972?s=96&d=mm&r=g","contentUrl":"http:\/\/0.gravatar.com\/avatar\/3caca5e541257fa5c0030bb58ce55972?s=96&d=mm&r=g","caption":"Jornalismo UFSJ"}}]}},"jetpack_featured_media_url":"http:\/\/anu.ufsj.edu.br\/site\/wp-content\/uploads\/2019\/11\/WhatsApp-Image-2019-11-13-at-10.41.22.jpeg","_links":{"self":[{"href":"http:\/\/anu.ufsj.edu.br\/site\/wp-json\/wp\/v2\/posts\/6853"}],"collection":[{"href":"http:\/\/anu.ufsj.edu.br\/site\/wp-json\/wp\/v2\/posts"}],"about":[{"href":"http:\/\/anu.ufsj.edu.br\/site\/wp-json\/wp\/v2\/types\/post"}],"author":[{"embeddable":true,"href":"http:\/\/anu.ufsj.edu.br\/site\/wp-json\/wp\/v2\/users\/2"}],"replies":[{"embeddable":true,"href":"http:\/\/anu.ufsj.edu.br\/site\/wp-json\/wp\/v2\/comments?post=6853"}],"version-history":[{"count":1,"href":"http:\/\/anu.ufsj.edu.br\/site\/wp-json\/wp\/v2\/posts\/6853\/revisions"}],"predecessor-version":[{"id":6857,"href":"http:\/\/anu.ufsj.edu.br\/site\/wp-json\/wp\/v2\/posts\/6853\/revisions\/6857"}],"wp:featuredmedia":[{"embeddable":true,"href":"http:\/\/anu.ufsj.edu.br\/site\/wp-json\/wp\/v2\/media\/6854"}],"wp:attachment":[{"href":"http:\/\/anu.ufsj.edu.br\/site\/wp-json\/wp\/v2\/media?parent=6853"}],"wp:term":[{"taxonomy":"category","embeddable":true,"href":"http:\/\/anu.ufsj.edu.br\/site\/wp-json\/wp\/v2\/categories?post=6853"},{"taxonomy":"post_tag","embeddable":true,"href":"http:\/\/anu.ufsj.edu.br\/site\/wp-json\/wp\/v2\/tags?post=6853"}],"curies":[{"name":"wp","href":"https:\/\/api.w.org\/{rel}","templated":true}]}}