{"id":6858,"date":"2019-11-22T03:24:48","date_gmt":"2019-11-22T06:24:48","guid":{"rendered":"http:\/\/jornalismo.ufsj.edu.br\/site\/?p=6858"},"modified":"2019-11-22T03:25:39","modified_gmt":"2019-11-22T06:25:39","slug":"conheca-as-novas-representantes-discentes-no-colegiado-do-curso","status":"publish","type":"post","link":"http:\/\/anu.ufsj.edu.br\/site\/jornalismoufsj\/conheca-as-novas-representantes-discentes-no-colegiado-do-curso\/","title":{"rendered":"Conhe\u00e7a as novas representantes discentes no colegiado do curso"},"content":{"rendered":"\n<p><em>Elei\u00e7\u00e3o\naconteceu no dia 13 de novembro<\/em><\/p>\n\n\n\n<p>Na\n\u00faltima semana, ocorreu a elei\u00e7\u00e3o para a representa\u00e7\u00e3o discente no colegiado do\ncurso de Comunica\u00e7\u00e3o Social \u2013 Jornalismo da UFSJ. Conduzido por uma comiss\u00e3o\neleitoral, o pleito contou com tr\u00eas candidatas, sendo que, cada estudante do\ncurso poderia votar em at\u00e9 duas. A mais votada ficaria eleita como titular e a\nsegunda, como suplente. <\/p>\n\n\n\n<p>As\ncandidatas eleitas para titular e suplente foram, respectivamente, Samara\nSantos (43 votos) e Isadora Jales (41 votos). A terceira candidata, Bianca\nAndrade teve 37 votos.<\/p>\n\n\n\n<p><strong>Conhe\u00e7a\nmais sobre as representantes<\/strong><\/p>\n\n\n\n<p>Atualmente, Samara Santos e Isadora Jales s\u00e3o estudantes do 4\u00ba per\u00edodo. Ambas ficam no cargo at\u00e9 o final do ano de 2020, quando uma nova elei\u00e7\u00e3o ser\u00e1 realizada.<br> <br> No mesmo pleito, Samara tamb\u00e9m foi eleita como coordenadora na chapa \u201cNa Mesma Barca\u201d, que assume o Centro Acad\u00eamico de Comunica\u00e7\u00e3o Social \u2013 Jornalismo da UFSJ (<a href=\"https:\/\/www.facebook.com\/cacosufsj\/\">CACoS UFSJ<\/a>). J\u00e1 Isadora, no momento, responde, no momento, pela Diretoria de Projetos da empresa j\u00fanior do curso, a <a href=\"https:\/\/www.facebook.com\/mosaicocomunicacaojr\/\">Mosaico Comunica\u00e7\u00e3o Jr<\/a>.<\/p>\n\n\n\n<p><strong>Sobre\no colegiado<\/strong><\/p>\n\n\n\n<p>O\ncolegiado \u00e9 o \u00f3rg\u00e3o acad\u00eamico respons\u00e1vel por debater, orientar, coordenar e\nfiscalizar as atividades do curso, visando garantir a qualidade did\u00e1tica do\nprocesso de aprendizagem dos discentes.<\/p>\n\n\n\n<p>\u201cA representa\u00e7\u00e3o discente \u00e9 importante, pois possibilita a integra\u00e7\u00e3o e o di\u00e1logo dos estudantes com o colegiado, de modo a criar uma porta para a discuss\u00e3o sobre o funcionamento do curso e a qualidade da nossa forma\u00e7\u00e3o\u201d, defende Samara.<\/p>\n\n\n\n<p><strong>Edi\u00e7\u00e3o:<\/strong> Arthur Raposo\nGomes<\/p>\n\n\n\n<p><strong>Fotos:<\/strong> Arquivo pessoal \u2013\nSamara Santos e Isadora Jales<\/p>\n","protected":false},"excerpt":{"rendered":"<p>Elei\u00e7\u00e3o aconteceu no dia 13 de novembro<\/p>\n","protected":false},"author":2,"featured_media":6859,"comment_status":"open","ping_status":"open","sticky":false,"template":"","format":"standard","meta":{"_monsterinsights_skip_tracking":false,"_monsterinsights_sitenote_active":false,"_monsterinsights_sitenote_note":"","_monsterinsights_sitenote_category":0},"categories":[6,12,43,65,73],"tags":[270,169,119,269],"yoast_head":"<!-- This site is optimized with the Yoast SEO plugin v20.6 - https:\/\/yoast.com\/wordpress\/plugins\/seo\/ -->\n<title>Conhe\u00e7a as novas representantes discentes no colegiado do curso - Jornalismo UFSJ<\/title>\n<meta name=\"robots\" content=\"index, follow, max-snippet:-1, max-image-preview:large, max-video-preview:-1\" \/>\n<link rel=\"canonical\" href=\"http:\/\/jornalismo.ufsj.edu.br\/site\/jornalismoufsj\/conheca-as-novas-representantes-discentes-no-colegiado-do-curso\/\" \/>\n<meta property=\"og:locale\" content=\"pt_BR\" \/>\n<meta property=\"og:type\" content=\"article\" \/>\n<meta property=\"og:title\" content=\"Conhe\u00e7a as novas representantes discentes no colegiado do curso - Jornalismo UFSJ\" \/>\n<meta property=\"og:description\" content=\"Elei\u00e7\u00e3o aconteceu no dia 13 de novembro\" \/>\n<meta property=\"og:url\" content=\"http:\/\/jornalismo.ufsj.edu.br\/site\/jornalismoufsj\/conheca-as-novas-representantes-discentes-no-colegiado-do-curso\/\" \/>\n<meta property=\"og:site_name\" content=\"Jornalismo UFSJ\" \/>\n<meta property=\"article:publisher\" content=\"https:\/\/www.facebook.com\/jornalismoufsj\/\" \/>\n<meta property=\"article:published_time\" content=\"2019-11-22T06:24:48+00:00\" \/>\n<meta property=\"article:modified_time\" content=\"2019-11-22T06:25:39+00:00\" \/>\n<meta property=\"og:image\" content=\"http:\/\/jornalismo.ufsj.edu.br\/site\/wp-content\/uploads\/2019\/11\/Foto-22-11-2019-03-11-04.jpg\" \/>\n\t<meta property=\"og:image:width\" content=\"4000\" \/>\n\t<meta property=\"og:image:height\" content=\"2667\" \/>\n\t<meta property=\"og:image:type\" content=\"image\/jpeg\" \/>\n<meta name=\"author\" content=\"Jornalismo UFSJ\" \/>\n<meta name=\"twitter:card\" content=\"summary_large_image\" \/>\n<meta name=\"twitter:creator\" content=\"@jornalismoufsj\" \/>\n<meta name=\"twitter:site\" content=\"@jornalismoufsj\" \/>\n<meta name=\"twitter:label1\" content=\"Escrito por\" \/>\n\t<meta name=\"twitter:data1\" content=\"Jornalismo UFSJ\" \/>\n\t<meta name=\"twitter:label2\" content=\"Est. tempo de leitura\" \/>\n\t<meta name=\"twitter:data2\" content=\"1 minuto\" \/>\n<script type=\"application\/ld+json\" class=\"yoast-schema-graph\">{\"@context\":\"https:\/\/schema.org\",\"@graph\":[{\"@type\":\"WebPage\",\"@id\":\"http:\/\/jornalismo.ufsj.edu.br\/site\/jornalismoufsj\/conheca-as-novas-representantes-discentes-no-colegiado-do-curso\/\",\"url\":\"http:\/\/jornalismo.ufsj.edu.br\/site\/jornalismoufsj\/conheca-as-novas-representantes-discentes-no-colegiado-do-curso\/\",\"name\":\"Conhe\u00e7a as novas representantes discentes no colegiado do curso - Jornalismo UFSJ\",\"isPartOf\":{\"@id\":\"http:\/\/jornalismo.ufsj.edu.br\/site\/#website\"},\"datePublished\":\"2019-11-22T06:24:48+00:00\",\"dateModified\":\"2019-11-22T06:25:39+00:00\",\"author\":{\"@id\":\"http:\/\/jornalismo.ufsj.edu.br\/site\/#\/schema\/person\/f2aab557f9f94fdae1e2e2b0e6a81536\"},\"breadcrumb\":{\"@id\":\"http:\/\/jornalismo.ufsj.edu.br\/site\/jornalismoufsj\/conheca-as-novas-representantes-discentes-no-colegiado-do-curso\/#breadcrumb\"},\"inLanguage\":\"pt-BR\",\"potentialAction\":[{\"@type\":\"ReadAction\",\"target\":[\"http:\/\/jornalismo.ufsj.edu.br\/site\/jornalismoufsj\/conheca-as-novas-representantes-discentes-no-colegiado-do-curso\/\"]}]},{\"@type\":\"BreadcrumbList\",\"@id\":\"http:\/\/jornalismo.ufsj.edu.br\/site\/jornalismoufsj\/conheca-as-novas-representantes-discentes-no-colegiado-do-curso\/#breadcrumb\",\"itemListElement\":[{\"@type\":\"ListItem\",\"position\":1,\"name\":\"In\u00edcio\",\"item\":\"http:\/\/jornalismo.ufsj.edu.br\/site\/\"},{\"@type\":\"ListItem\",\"position\":2,\"name\":\"Conhe\u00e7a as novas representantes discentes no colegiado do curso\"}]},{\"@type\":\"WebSite\",\"@id\":\"http:\/\/jornalismo.ufsj.edu.br\/site\/#website\",\"url\":\"http:\/\/jornalismo.ufsj.edu.br\/site\/\",\"name\":\"Jornalismo UFSJ\",\"description\":\"\",\"potentialAction\":[{\"@type\":\"SearchAction\",\"target\":{\"@type\":\"EntryPoint\",\"urlTemplate\":\"http:\/\/jornalismo.ufsj.edu.br\/site\/?s={search_term_string}\"},\"query-input\":\"required name=search_term_string\"}],\"inLanguage\":\"pt-BR\"},{\"@type\":\"Person\",\"@id\":\"http:\/\/jornalismo.ufsj.edu.br\/site\/#\/schema\/person\/f2aab557f9f94fdae1e2e2b0e6a81536\",\"name\":\"Jornalismo UFSJ\",\"image\":{\"@type\":\"ImageObject\",\"inLanguage\":\"pt-BR\",\"@id\":\"http:\/\/jornalismo.ufsj.edu.br\/site\/#\/schema\/person\/image\/\",\"url\":\"http:\/\/0.gravatar.com\/avatar\/3caca5e541257fa5c0030bb58ce55972?s=96&d=mm&r=g\",\"contentUrl\":\"http:\/\/0.gravatar.com\/avatar\/3caca5e541257fa5c0030bb58ce55972?s=96&d=mm&r=g\",\"caption\":\"Jornalismo UFSJ\"}}]}<\/script>\n<!-- \/ Yoast SEO plugin. -->","yoast_head_json":{"title":"Conhe\u00e7a as novas representantes discentes no colegiado do curso - Jornalismo UFSJ","robots":{"index":"index","follow":"follow","max-snippet":"max-snippet:-1","max-image-preview":"max-image-preview:large","max-video-preview":"max-video-preview:-1"},"canonical":"http:\/\/jornalismo.ufsj.edu.br\/site\/jornalismoufsj\/conheca-as-novas-representantes-discentes-no-colegiado-do-curso\/","og_locale":"pt_BR","og_type":"article","og_title":"Conhe\u00e7a as novas representantes discentes no colegiado do curso - Jornalismo UFSJ","og_description":"Elei\u00e7\u00e3o aconteceu no dia 13 de novembro","og_url":"http:\/\/jornalismo.ufsj.edu.br\/site\/jornalismoufsj\/conheca-as-novas-representantes-discentes-no-colegiado-do-curso\/","og_site_name":"Jornalismo UFSJ","article_publisher":"https:\/\/www.facebook.com\/jornalismoufsj\/","article_published_time":"2019-11-22T06:24:48+00:00","article_modified_time":"2019-11-22T06:25:39+00:00","og_image":[{"width":4000,"height":2667,"url":"http:\/\/jornalismo.ufsj.edu.br\/site\/wp-content\/uploads\/2019\/11\/Foto-22-11-2019-03-11-04.jpg","type":"image\/jpeg"}],"author":"Jornalismo UFSJ","twitter_card":"summary_large_image","twitter_creator":"@jornalismoufsj","twitter_site":"@jornalismoufsj","twitter_misc":{"Escrito por":"Jornalismo UFSJ","Est. tempo de leitura":"1 minuto"},"schema":{"@context":"https:\/\/schema.org","@graph":[{"@type":"WebPage","@id":"http:\/\/jornalismo.ufsj.edu.br\/site\/jornalismoufsj\/conheca-as-novas-representantes-discentes-no-colegiado-do-curso\/","url":"http:\/\/jornalismo.ufsj.edu.br\/site\/jornalismoufsj\/conheca-as-novas-representantes-discentes-no-colegiado-do-curso\/","name":"Conhe\u00e7a as novas representantes discentes no colegiado do curso - Jornalismo UFSJ","isPartOf":{"@id":"http:\/\/jornalismo.ufsj.edu.br\/site\/#website"},"datePublished":"2019-11-22T06:24:48+00:00","dateModified":"2019-11-22T06:25:39+00:00","author":{"@id":"http:\/\/jornalismo.ufsj.edu.br\/site\/#\/schema\/person\/f2aab557f9f94fdae1e2e2b0e6a81536"},"breadcrumb":{"@id":"http:\/\/jornalismo.ufsj.edu.br\/site\/jornalismoufsj\/conheca-as-novas-representantes-discentes-no-colegiado-do-curso\/#breadcrumb"},"inLanguage":"pt-BR","potentialAction":[{"@type":"ReadAction","target":["http:\/\/jornalismo.ufsj.edu.br\/site\/jornalismoufsj\/conheca-as-novas-representantes-discentes-no-colegiado-do-curso\/"]}]},{"@type":"BreadcrumbList","@id":"http:\/\/jornalismo.ufsj.edu.br\/site\/jornalismoufsj\/conheca-as-novas-representantes-discentes-no-colegiado-do-curso\/#breadcrumb","itemListElement":[{"@type":"ListItem","position":1,"name":"In\u00edcio","item":"http:\/\/jornalismo.ufsj.edu.br\/site\/"},{"@type":"ListItem","position":2,"name":"Conhe\u00e7a as novas representantes discentes no colegiado do curso"}]},{"@type":"WebSite","@id":"http:\/\/jornalismo.ufsj.edu.br\/site\/#website","url":"http:\/\/jornalismo.ufsj.edu.br\/site\/","name":"Jornalismo UFSJ","description":"","potentialAction":[{"@type":"SearchAction","target":{"@type":"EntryPoint","urlTemplate":"http:\/\/jornalismo.ufsj.edu.br\/site\/?s={search_term_string}"},"query-input":"required name=search_term_string"}],"inLanguage":"pt-BR"},{"@type":"Person","@id":"http:\/\/jornalismo.ufsj.edu.br\/site\/#\/schema\/person\/f2aab557f9f94fdae1e2e2b0e6a81536","name":"Jornalismo UFSJ","image":{"@type":"ImageObject","inLanguage":"pt-BR","@id":"http:\/\/jornalismo.ufsj.edu.br\/site\/#\/schema\/person\/image\/","url":"http:\/\/0.gravatar.com\/avatar\/3caca5e541257fa5c0030bb58ce55972?s=96&d=mm&r=g","contentUrl":"http:\/\/0.gravatar.com\/avatar\/3caca5e541257fa5c0030bb58ce55972?s=96&d=mm&r=g","caption":"Jornalismo UFSJ"}}]}},"jetpack_featured_media_url":"http:\/\/anu.ufsj.edu.br\/site\/wp-content\/uploads\/2019\/11\/Foto-22-11-2019-03-11-04.jpg","_links":{"self":[{"href":"http:\/\/anu.ufsj.edu.br\/site\/wp-json\/wp\/v2\/posts\/6858"}],"collection":[{"href":"http:\/\/anu.ufsj.edu.br\/site\/wp-json\/wp\/v2\/posts"}],"about":[{"href":"http:\/\/anu.ufsj.edu.br\/site\/wp-json\/wp\/v2\/types\/post"}],"author":[{"embeddable":true,"href":"http:\/\/anu.ufsj.edu.br\/site\/wp-json\/wp\/v2\/users\/2"}],"replies":[{"embeddable":true,"href":"http:\/\/anu.ufsj.edu.br\/site\/wp-json\/wp\/v2\/comments?post=6858"}],"version-history":[{"count":2,"href":"http:\/\/anu.ufsj.edu.br\/site\/wp-json\/wp\/v2\/posts\/6858\/revisions"}],"predecessor-version":[{"id":6861,"href":"http:\/\/anu.ufsj.edu.br\/site\/wp-json\/wp\/v2\/posts\/6858\/revisions\/6861"}],"wp:featuredmedia":[{"embeddable":true,"href":"http:\/\/anu.ufsj.edu.br\/site\/wp-json\/wp\/v2\/media\/6859"}],"wp:attachment":[{"href":"http:\/\/anu.ufsj.edu.br\/site\/wp-json\/wp\/v2\/media?parent=6858"}],"wp:term":[{"taxonomy":"category","embeddable":true,"href":"http:\/\/anu.ufsj.edu.br\/site\/wp-json\/wp\/v2\/categories?post=6858"},{"taxonomy":"post_tag","embeddable":true,"href":"http:\/\/anu.ufsj.edu.br\/site\/wp-json\/wp\/v2\/tags?post=6858"}],"curies":[{"name":"wp","href":"https:\/\/api.w.org\/{rel}","templated":true}]}}