{"id":6862,"date":"2019-11-25T00:01:07","date_gmt":"2019-11-25T03:01:07","guid":{"rendered":"http:\/\/jornalismo.ufsj.edu.br\/site\/?p=6862"},"modified":"2019-11-26T13:34:09","modified_gmt":"2019-11-26T16:34:09","slug":"confira-os-temas-e-datas-das-bancas-de-tcc-deste-semestre","status":"publish","type":"post","link":"http:\/\/anu.ufsj.edu.br\/site\/jornalismoufsj\/confira-os-temas-e-datas-das-bancas-de-tcc-deste-semestre\/","title":{"rendered":"Confira os temas e datas das bancas de TCC deste semestre"},"content":{"rendered":"\n<p><em>Al\u00e9m\nde cursar todas as disciplinas, a atividade marca o encerramento da gradua\u00e7\u00e3o<\/em><\/p>\n\n\n\n<p>A partir de hoje, dia 25, grande parte da turma de estudantes matriculada na disciplina \u201cProjeto Experimental em Jornalismo\u201d come\u00e7a a apresentar seus trabalhos de conclus\u00e3o de curso (TCC). O trabalho pode ser no formato de monografia ou produto comunicacional e jornal\u00edstico.<br> <br>O calend\u00e1rio de defesas de TCCs est\u00e1 dispon\u00edvel atrav\u00e9s do link abaixo. Ele ser\u00e1 atualizado constantemente, \u00e0 medida em que novas bancas forem confirmadas pela secretaria do curso.<br> <br>A equipe do portal Jornalismo UFSJ deseja sucesso aos formandos e formandas.<br><br><strong>Acesse o calend\u00e1rio atual de apresenta\u00e7\u00f5es de TCCs <\/strong><a href=\"https:\/\/docs.google.com\/spreadsheets\/d\/10hWaSZxp6vdWKeuPg-xjHO3YX7egMZEvJwAIb-0XcHQ\/edit?usp=sharing\"><strong>aqui<\/strong><\/a><strong>.<\/strong><\/p>\n","protected":false},"excerpt":{"rendered":"<p>Al\u00e9m de cursar todas as disciplinas, a atividade marca o encerramento da gradua\u00e7\u00e3o<\/p>\n","protected":false},"author":2,"featured_media":6864,"comment_status":"open","ping_status":"open","sticky":true,"template":"","format":"standard","meta":{"_monsterinsights_skip_tracking":false,"_monsterinsights_sitenote_active":false,"_monsterinsights_sitenote_note":"","_monsterinsights_sitenote_category":0},"categories":[43],"tags":[169,274,119,272,273,201],"yoast_head":"<!-- This site is optimized with the Yoast SEO plugin v20.6 - https:\/\/yoast.com\/wordpress\/plugins\/seo\/ -->\n<title>Confira os temas e datas das bancas de TCC deste semestre - Jornalismo UFSJ<\/title>\n<meta name=\"robots\" content=\"index, follow, max-snippet:-1, max-image-preview:large, max-video-preview:-1\" \/>\n<link rel=\"canonical\" href=\"http:\/\/anu.ufsj.edu.br\/site\/jornalismoufsj\/confira-os-temas-e-datas-das-bancas-de-tcc-deste-semestre\/\" \/>\n<meta property=\"og:locale\" content=\"pt_BR\" \/>\n<meta property=\"og:type\" content=\"article\" \/>\n<meta property=\"og:title\" content=\"Confira os temas e datas das bancas de TCC deste semestre - Jornalismo UFSJ\" \/>\n<meta property=\"og:description\" content=\"Al\u00e9m de cursar todas as disciplinas, a atividade marca o encerramento da gradua\u00e7\u00e3o\" \/>\n<meta property=\"og:url\" content=\"http:\/\/anu.ufsj.edu.br\/site\/jornalismoufsj\/confira-os-temas-e-datas-das-bancas-de-tcc-deste-semestre\/\" \/>\n<meta property=\"og:site_name\" content=\"Jornalismo UFSJ\" \/>\n<meta property=\"article:publisher\" content=\"https:\/\/www.facebook.com\/jornalismoufsj\/\" \/>\n<meta property=\"article:published_time\" content=\"2019-11-25T03:01:07+00:00\" \/>\n<meta property=\"article:modified_time\" content=\"2019-11-26T16:34:09+00:00\" \/>\n<meta property=\"og:image\" content=\"http:\/\/anu.ufsj.edu.br\/site\/wp-content\/uploads\/2019\/11\/IMG_4894_edited.jpg\" \/>\n\t<meta property=\"og:image:width\" content=\"3024\" \/>\n\t<meta property=\"og:image:height\" content=\"3103\" \/>\n\t<meta property=\"og:image:type\" content=\"image\/jpeg\" \/>\n<meta name=\"author\" content=\"Jornalismo UFSJ\" \/>\n<meta name=\"twitter:card\" content=\"summary_large_image\" \/>\n<meta name=\"twitter:creator\" content=\"@jornalismoufsj\" \/>\n<meta name=\"twitter:site\" content=\"@jornalismoufsj\" \/>\n<meta name=\"twitter:label1\" content=\"Escrito por\" \/>\n\t<meta name=\"twitter:data1\" content=\"Jornalismo UFSJ\" \/>\n\t<meta name=\"twitter:label2\" content=\"Est. tempo de leitura\" \/>\n\t<meta name=\"twitter:data2\" content=\"1 minuto\" \/>\n<script type=\"application\/ld+json\" class=\"yoast-schema-graph\">{\"@context\":\"https:\/\/schema.org\",\"@graph\":[{\"@type\":\"WebPage\",\"@id\":\"http:\/\/anu.ufsj.edu.br\/site\/jornalismoufsj\/confira-os-temas-e-datas-das-bancas-de-tcc-deste-semestre\/\",\"url\":\"http:\/\/anu.ufsj.edu.br\/site\/jornalismoufsj\/confira-os-temas-e-datas-das-bancas-de-tcc-deste-semestre\/\",\"name\":\"Confira os temas e datas das bancas de TCC deste semestre - Jornalismo UFSJ\",\"isPartOf\":{\"@id\":\"http:\/\/jornalismo.ufsj.edu.br\/site\/#website\"},\"datePublished\":\"2019-11-25T03:01:07+00:00\",\"dateModified\":\"2019-11-26T16:34:09+00:00\",\"author\":{\"@id\":\"http:\/\/jornalismo.ufsj.edu.br\/site\/#\/schema\/person\/f2aab557f9f94fdae1e2e2b0e6a81536\"},\"breadcrumb\":{\"@id\":\"http:\/\/anu.ufsj.edu.br\/site\/jornalismoufsj\/confira-os-temas-e-datas-das-bancas-de-tcc-deste-semestre\/#breadcrumb\"},\"inLanguage\":\"pt-BR\",\"potentialAction\":[{\"@type\":\"ReadAction\",\"target\":[\"http:\/\/anu.ufsj.edu.br\/site\/jornalismoufsj\/confira-os-temas-e-datas-das-bancas-de-tcc-deste-semestre\/\"]}]},{\"@type\":\"BreadcrumbList\",\"@id\":\"http:\/\/anu.ufsj.edu.br\/site\/jornalismoufsj\/confira-os-temas-e-datas-das-bancas-de-tcc-deste-semestre\/#breadcrumb\",\"itemListElement\":[{\"@type\":\"ListItem\",\"position\":1,\"name\":\"In\u00edcio\",\"item\":\"http:\/\/jornalismo.ufsj.edu.br\/site\/\"},{\"@type\":\"ListItem\",\"position\":2,\"name\":\"Confira os temas e datas das bancas de TCC deste semestre\"}]},{\"@type\":\"WebSite\",\"@id\":\"http:\/\/jornalismo.ufsj.edu.br\/site\/#website\",\"url\":\"http:\/\/jornalismo.ufsj.edu.br\/site\/\",\"name\":\"Jornalismo UFSJ\",\"description\":\"\",\"potentialAction\":[{\"@type\":\"SearchAction\",\"target\":{\"@type\":\"EntryPoint\",\"urlTemplate\":\"http:\/\/jornalismo.ufsj.edu.br\/site\/?s={search_term_string}\"},\"query-input\":\"required name=search_term_string\"}],\"inLanguage\":\"pt-BR\"},{\"@type\":\"Person\",\"@id\":\"http:\/\/jornalismo.ufsj.edu.br\/site\/#\/schema\/person\/f2aab557f9f94fdae1e2e2b0e6a81536\",\"name\":\"Jornalismo UFSJ\",\"image\":{\"@type\":\"ImageObject\",\"inLanguage\":\"pt-BR\",\"@id\":\"http:\/\/jornalismo.ufsj.edu.br\/site\/#\/schema\/person\/image\/\",\"url\":\"http:\/\/0.gravatar.com\/avatar\/3caca5e541257fa5c0030bb58ce55972?s=96&d=mm&r=g\",\"contentUrl\":\"http:\/\/0.gravatar.com\/avatar\/3caca5e541257fa5c0030bb58ce55972?s=96&d=mm&r=g\",\"caption\":\"Jornalismo UFSJ\"}}]}<\/script>\n<!-- \/ Yoast SEO plugin. -->","yoast_head_json":{"title":"Confira os temas e datas das bancas de TCC deste semestre - Jornalismo UFSJ","robots":{"index":"index","follow":"follow","max-snippet":"max-snippet:-1","max-image-preview":"max-image-preview:large","max-video-preview":"max-video-preview:-1"},"canonical":"http:\/\/anu.ufsj.edu.br\/site\/jornalismoufsj\/confira-os-temas-e-datas-das-bancas-de-tcc-deste-semestre\/","og_locale":"pt_BR","og_type":"article","og_title":"Confira os temas e datas das bancas de TCC deste semestre - Jornalismo UFSJ","og_description":"Al\u00e9m de cursar todas as disciplinas, a atividade marca o encerramento da gradua\u00e7\u00e3o","og_url":"http:\/\/anu.ufsj.edu.br\/site\/jornalismoufsj\/confira-os-temas-e-datas-das-bancas-de-tcc-deste-semestre\/","og_site_name":"Jornalismo UFSJ","article_publisher":"https:\/\/www.facebook.com\/jornalismoufsj\/","article_published_time":"2019-11-25T03:01:07+00:00","article_modified_time":"2019-11-26T16:34:09+00:00","og_image":[{"width":3024,"height":3103,"url":"http:\/\/anu.ufsj.edu.br\/site\/wp-content\/uploads\/2019\/11\/IMG_4894_edited.jpg","type":"image\/jpeg"}],"author":"Jornalismo UFSJ","twitter_card":"summary_large_image","twitter_creator":"@jornalismoufsj","twitter_site":"@jornalismoufsj","twitter_misc":{"Escrito por":"Jornalismo UFSJ","Est. tempo de leitura":"1 minuto"},"schema":{"@context":"https:\/\/schema.org","@graph":[{"@type":"WebPage","@id":"http:\/\/anu.ufsj.edu.br\/site\/jornalismoufsj\/confira-os-temas-e-datas-das-bancas-de-tcc-deste-semestre\/","url":"http:\/\/anu.ufsj.edu.br\/site\/jornalismoufsj\/confira-os-temas-e-datas-das-bancas-de-tcc-deste-semestre\/","name":"Confira os temas e datas das bancas de TCC deste semestre - Jornalismo UFSJ","isPartOf":{"@id":"http:\/\/jornalismo.ufsj.edu.br\/site\/#website"},"datePublished":"2019-11-25T03:01:07+00:00","dateModified":"2019-11-26T16:34:09+00:00","author":{"@id":"http:\/\/jornalismo.ufsj.edu.br\/site\/#\/schema\/person\/f2aab557f9f94fdae1e2e2b0e6a81536"},"breadcrumb":{"@id":"http:\/\/anu.ufsj.edu.br\/site\/jornalismoufsj\/confira-os-temas-e-datas-das-bancas-de-tcc-deste-semestre\/#breadcrumb"},"inLanguage":"pt-BR","potentialAction":[{"@type":"ReadAction","target":["http:\/\/anu.ufsj.edu.br\/site\/jornalismoufsj\/confira-os-temas-e-datas-das-bancas-de-tcc-deste-semestre\/"]}]},{"@type":"BreadcrumbList","@id":"http:\/\/anu.ufsj.edu.br\/site\/jornalismoufsj\/confira-os-temas-e-datas-das-bancas-de-tcc-deste-semestre\/#breadcrumb","itemListElement":[{"@type":"ListItem","position":1,"name":"In\u00edcio","item":"http:\/\/jornalismo.ufsj.edu.br\/site\/"},{"@type":"ListItem","position":2,"name":"Confira os temas e datas das bancas de TCC deste semestre"}]},{"@type":"WebSite","@id":"http:\/\/jornalismo.ufsj.edu.br\/site\/#website","url":"http:\/\/jornalismo.ufsj.edu.br\/site\/","name":"Jornalismo UFSJ","description":"","potentialAction":[{"@type":"SearchAction","target":{"@type":"EntryPoint","urlTemplate":"http:\/\/jornalismo.ufsj.edu.br\/site\/?s={search_term_string}"},"query-input":"required name=search_term_string"}],"inLanguage":"pt-BR"},{"@type":"Person","@id":"http:\/\/jornalismo.ufsj.edu.br\/site\/#\/schema\/person\/f2aab557f9f94fdae1e2e2b0e6a81536","name":"Jornalismo UFSJ","image":{"@type":"ImageObject","inLanguage":"pt-BR","@id":"http:\/\/jornalismo.ufsj.edu.br\/site\/#\/schema\/person\/image\/","url":"http:\/\/0.gravatar.com\/avatar\/3caca5e541257fa5c0030bb58ce55972?s=96&d=mm&r=g","contentUrl":"http:\/\/0.gravatar.com\/avatar\/3caca5e541257fa5c0030bb58ce55972?s=96&d=mm&r=g","caption":"Jornalismo UFSJ"}}]}},"jetpack_featured_media_url":"http:\/\/anu.ufsj.edu.br\/site\/wp-content\/uploads\/2019\/11\/IMG_4894_edited.jpg","_links":{"self":[{"href":"http:\/\/anu.ufsj.edu.br\/site\/wp-json\/wp\/v2\/posts\/6862"}],"collection":[{"href":"http:\/\/anu.ufsj.edu.br\/site\/wp-json\/wp\/v2\/posts"}],"about":[{"href":"http:\/\/anu.ufsj.edu.br\/site\/wp-json\/wp\/v2\/types\/post"}],"author":[{"embeddable":true,"href":"http:\/\/anu.ufsj.edu.br\/site\/wp-json\/wp\/v2\/users\/2"}],"replies":[{"embeddable":true,"href":"http:\/\/anu.ufsj.edu.br\/site\/wp-json\/wp\/v2\/comments?post=6862"}],"version-history":[{"count":2,"href":"http:\/\/anu.ufsj.edu.br\/site\/wp-json\/wp\/v2\/posts\/6862\/revisions"}],"predecessor-version":[{"id":6878,"href":"http:\/\/anu.ufsj.edu.br\/site\/wp-json\/wp\/v2\/posts\/6862\/revisions\/6878"}],"wp:featuredmedia":[{"embeddable":true,"href":"http:\/\/anu.ufsj.edu.br\/site\/wp-json\/wp\/v2\/media\/6864"}],"wp:attachment":[{"href":"http:\/\/anu.ufsj.edu.br\/site\/wp-json\/wp\/v2\/media?parent=6862"}],"wp:term":[{"taxonomy":"category","embeddable":true,"href":"http:\/\/anu.ufsj.edu.br\/site\/wp-json\/wp\/v2\/categories?post=6862"},{"taxonomy":"post_tag","embeddable":true,"href":"http:\/\/anu.ufsj.edu.br\/site\/wp-json\/wp\/v2\/tags?post=6862"}],"curies":[{"name":"wp","href":"https:\/\/api.w.org\/{rel}","templated":true}]}}