{"id":6938,"date":"2019-12-18T00:01:04","date_gmt":"2019-12-18T03:01:04","guid":{"rendered":"http:\/\/jornalismo.ufsj.edu.br\/site\/?p=6938"},"modified":"2019-12-13T12:32:43","modified_gmt":"2019-12-13T15:32:43","slug":"artigo-a-bolha-da-sociedade-contemporanea","status":"publish","type":"post","link":"http:\/\/anu.ufsj.edu.br\/site\/webjornalismo\/artigo-a-bolha-da-sociedade-contemporanea\/","title":{"rendered":"ARTIGO: A bolha da sociedade contempor\u00e2nea"},"content":{"rendered":"\n<p>A liberdade de express\u00e3o \u00e9 um direito fundamental, garantido pelo artigo quinto da Constitui\u00e7\u00e3o Federal Brasileira, que impede a retalia\u00e7\u00e3o ou censura por parte do governo ou da sociedade, em geral, quanto \u00e0 livre manifesta\u00e7\u00e3o de ideias e pensamentos individuais. Na pr\u00e1tica, no entanto, vemos pessoas com opini\u00f5es distintas cada vez mais engajadas em ataques pessoais ao inv\u00e9s de defesa de sua posi\u00e7\u00e3o por meio de um debate racional.<br><br>Uma <a href=\"https:\/\/papodehomem.com.br\/como-conversar-com-quem-pensa-muito-diferente-de-voce\/\">pesquisa<\/a> realizada pelo Instituto Avon em parceria como site Papo de Homem verbalizou termos que traduzem a dificuldade da sociedade contempor\u00e2nea em dialogar, classificando as pessoas em tr\u00eas perfis:  <\/p>\n\n\n\n<ul><li>Os \u201cconstrutores de pontes\u201d: aqueles dispostos a ouvirem opini\u00f5es controversas, se mostrando abertos ao di\u00e1logo;<\/li><li>Os \u201cem tr\u00e2nsito\u201d: aqueles que est\u00e3o se esfor\u00e7ando para conversarem mais antes de se colocarem em posi\u00e7\u00e3o de contra-ataque;<\/li><li>E os \u201centre muros\u201d: aqueles que n\u00e3o se mostraram dispostos a lidarem com opini\u00f5es muito divergentes.<\/li><\/ul>\n\n\n\n<p>Vivemos um estado de paralisia intelectual onde n\u00e3o somos mais capazes de trocar ideias a respeito de assuntos pol\u00eamicos e, por esse motivo, nos comunicamos apenas com aqueles que compartilham de nossas mesmas opini\u00f5es, sem nos preocuparmos em ouvir o outro lado e entender os que pensam de maneira contr\u00e1ria e o porqu\u00ea de assim o fazerem. O fen\u00f4meno conhecido como bolha social mostra que estamos confort\u00e1veis demais em nossas bolhas para ouvirmos pontos de vistas diferentes e sermos capazes de debater sobre o assunto. <br><br>De acordo com Eduardo Magrani, em seu livro <a href=\"https:\/\/bibliotecadigital.fgv.br\/dspace\/bitstream\/handle\/10438\/14106\/Democracia%20conectada.pdf?sequence=1&amp;isAllowed=y\">\u201cDemocracia Conectada\u201d<\/a>, os filtros-bolhas nada mais s\u00e3o do que a personaliza\u00e7\u00e3o dos conte\u00fados da navega\u00e7\u00e3o online. Com o apoio do algoritmo seletivo da web, cria-se um filtro baseado em pesquisas anteriores &#8211; assim, apenas assuntos que nos interessam aparecem no feed &#8211; e em nossa interatividade com determinado assunto, que passa a ser exibido de acordo com nosso feedback. Todo esse processo nos d\u00e1 a falsa sensa\u00e7\u00e3o de interatividade com o mundo quando, na verdade, interagimos apenas com o nosso mundo. Sob medida. Restrito. Limitado. Personalizado. Adaptado \u00e0 perfei\u00e7\u00e3o particular de cada indiv\u00edduo, como aponta <a href=\"http:\/\/bibliotecadigital.tse.jus.br\/xmlui\/bitstream\/handle\/bdtse\/4758\/2017_branco_fake_news%20_caminhos.pdf?sequence=1\">Eli Pariser<\/a>, ativista pol\u00edtico e da internet.<br><br>As bolhas, no entanto, n\u00e3o se limitam ao virtual. Cada vez mais vivenciamos uma tend\u00eancia alarmante de migra\u00e7\u00e3o deste fen\u00f4meno para as rela\u00e7\u00f5es interpessoais face a face. A express\u00e3o \u201cos entre muros\u201d se torna, a cada dia, mais literal.<br><br>Eventualmente, diferentes bolhas sociais se chocam e a tend\u00eancia clara \u00e9 a do ataque em detrimento da defesa argumentativa ponto a ponto. As pessoas est\u00e3o cada vez mais desesperadas pelo status de \u201cestarem certas\u201d, tanto que se esquecem de realmente ouvir o outro lado do di\u00e1logo, refletir sobre o que lhes foi apresentado e usar o debate como uma ferramenta de conhecimento e crescimento.<br><br>No meio desta guerra de extremos, \u201cconstrutores de pontes\u201d acabam silenciados pelo grito opressor dos muros quando, na verdade, essas pessoas n\u00e3o radicais s\u00e3o essenciais pois,\u00a0 ser\u00e3o capazes de perceber tanto os pontos positivos quanto os negativos de ambos os lados.<br><br>A bolha social \u00e9 perigosa. Ela cria a falsa sensa\u00e7\u00e3o de que o mundo correto \u00e9 o reflexo da opini\u00e3o individual e, por causa dela, diversas oportunidades de di\u00e1logo e enriquecimento pessoal s\u00e3o desperdi\u00e7adas. Quebrem os muros. Saiam do tr\u00e2nsito. Construtores de pontes ao redor do mundo, uni-vos!<br><br>E voc\u00ea, amigo leitor, \u00e9 um construtor de pontes ou ainda est\u00e1 entre muros? Deixe sua opini\u00e3o nos coment\u00e1rios e compartilhe o texto nas suas redes sociais para saber como anda sua bolha.<\/p>\n\n\n\n<hr class=\"wp-block-separator\"\/>\n\n\n\n<p><strong>Refer\u00eancias<\/strong><br><br>BRANCO, S\u00e9rgio. <em><strong>Fake News <\/strong><\/em><strong>e os caminhos para folha da bolha. <\/strong>Dispon\u00edvel em: &lt;<a href=\"http:\/\/bibliotecadigital.tse.jus.br\/xmlui\/bitstream\/handle\/bdtse\/4758\/2017_branco_fake_news%20_caminhos.pdf?sequence=1\">http:\/\/bibliotecadigital.tse.jus.br\/xmlui\/bitstream\/handle\/bdtse\/4758\/2017_branco_fake_news%20_caminhos.pdf?sequence=1<\/a>> Acesso em 26 nov 2019.<br><br>CORRAINI, Caio <em>et al.<\/em> <strong>Comunica\u00e7\u00e3o N\u00e3o-Violenta: Derrubando Muros.<\/strong> B9. 05 jul 2019. Dispon\u00edvel em: &lt;<a href=\"https:\/\/www.b9.com.br\/shows\/mamilos\/mamilos-204-comunicacao-nao-violenta\/\">https:\/\/www.b9.com.br\/shows\/mamilos\/mamilos-204-comunicacao-nao-violenta\/<\/a>> Acesso em 26 nov 2019.<\/p>\n\n\n\n<p><strong>Texto:<\/strong> Isabella Paolucci, Lays Fortes e Raphaela Ferreira <br><strong>Supervis\u00e3o:<\/strong> Profa. Alessandra de Falco<br><br><strong>Arte de destaque:<\/strong> \u00cdcaro Chaves<\/p>\n","protected":false},"excerpt":{"rendered":"<p>O texto \u00e9 assinado por Isabella Paolucci, Lays Fortes e Raphaela Ferreira e foi feito durante a disciplina de Comunica\u00e7\u00e3o Digital e Webjornalismo, da Profa. Alessandra de Falco<\/p>\n","protected":false},"author":2,"featured_media":6923,"comment_status":"open","ping_status":"open","sticky":false,"template":"","format":"standard","meta":{"_monsterinsights_skip_tracking":false,"_monsterinsights_sitenote_active":false,"_monsterinsights_sitenote_note":"","_monsterinsights_sitenote_category":0},"categories":[43,77],"tags":[290,294,119],"yoast_head":"<!-- This site is optimized with the Yoast SEO plugin v20.6 - https:\/\/yoast.com\/wordpress\/plugins\/seo\/ -->\n<title>ARTIGO: A bolha da sociedade contempor\u00e2nea - Jornalismo UFSJ<\/title>\n<meta name=\"robots\" content=\"index, follow, max-snippet:-1, max-image-preview:large, max-video-preview:-1\" \/>\n<link rel=\"canonical\" href=\"https:\/\/jornalismo.ufsj.edu.br\/site\/webjornalismo\/artigo-a-bolha-da-sociedade-contemporanea\/\" \/>\n<meta property=\"og:locale\" content=\"pt_BR\" \/>\n<meta property=\"og:type\" content=\"article\" \/>\n<meta property=\"og:title\" content=\"ARTIGO: A bolha da sociedade contempor\u00e2nea - Jornalismo UFSJ\" \/>\n<meta property=\"og:description\" content=\"O texto \u00e9 assinado por Isabella Paolucci, Lays Fortes e Raphaela Ferreira e foi feito durante a disciplina de Comunica\u00e7\u00e3o Digital e Webjornalismo, da Profa. Alessandra de Falco\" \/>\n<meta property=\"og:url\" content=\"https:\/\/jornalismo.ufsj.edu.br\/site\/webjornalismo\/artigo-a-bolha-da-sociedade-contemporanea\/\" \/>\n<meta property=\"og:site_name\" content=\"Jornalismo UFSJ\" \/>\n<meta property=\"article:publisher\" content=\"https:\/\/www.facebook.com\/jornalismoufsj\/\" \/>\n<meta property=\"article:published_time\" content=\"2019-12-18T03:01:04+00:00\" \/>\n<meta property=\"article:modified_time\" content=\"2019-12-13T15:32:43+00:00\" \/>\n<meta property=\"og:image\" content=\"https:\/\/jornalismo.ufsj.edu.br\/site\/wp-content\/uploads\/2019\/12\/WhatsApp-Image-2019-12-12-at-16.12.39.jpeg\" \/>\n\t<meta property=\"og:image:width\" content=\"1272\" \/>\n\t<meta property=\"og:image:height\" content=\"620\" \/>\n\t<meta property=\"og:image:type\" content=\"image\/jpeg\" \/>\n<meta name=\"author\" content=\"Jornalismo UFSJ\" \/>\n<meta name=\"twitter:card\" content=\"summary_large_image\" \/>\n<meta name=\"twitter:creator\" content=\"@jornalismoufsj\" \/>\n<meta name=\"twitter:site\" content=\"@jornalismoufsj\" \/>\n<meta name=\"twitter:label1\" content=\"Escrito por\" \/>\n\t<meta name=\"twitter:data1\" content=\"Jornalismo UFSJ\" \/>\n\t<meta name=\"twitter:label2\" content=\"Est. tempo de leitura\" \/>\n\t<meta name=\"twitter:data2\" content=\"3 minutos\" \/>\n<script type=\"application\/ld+json\" class=\"yoast-schema-graph\">{\"@context\":\"https:\/\/schema.org\",\"@graph\":[{\"@type\":\"WebPage\",\"@id\":\"https:\/\/jornalismo.ufsj.edu.br\/site\/webjornalismo\/artigo-a-bolha-da-sociedade-contemporanea\/\",\"url\":\"https:\/\/jornalismo.ufsj.edu.br\/site\/webjornalismo\/artigo-a-bolha-da-sociedade-contemporanea\/\",\"name\":\"ARTIGO: A bolha da sociedade contempor\u00e2nea - Jornalismo UFSJ\",\"isPartOf\":{\"@id\":\"http:\/\/jornalismo.ufsj.edu.br\/site\/#website\"},\"datePublished\":\"2019-12-18T03:01:04+00:00\",\"dateModified\":\"2019-12-13T15:32:43+00:00\",\"author\":{\"@id\":\"http:\/\/jornalismo.ufsj.edu.br\/site\/#\/schema\/person\/f2aab557f9f94fdae1e2e2b0e6a81536\"},\"breadcrumb\":{\"@id\":\"https:\/\/jornalismo.ufsj.edu.br\/site\/webjornalismo\/artigo-a-bolha-da-sociedade-contemporanea\/#breadcrumb\"},\"inLanguage\":\"pt-BR\",\"potentialAction\":[{\"@type\":\"ReadAction\",\"target\":[\"https:\/\/jornalismo.ufsj.edu.br\/site\/webjornalismo\/artigo-a-bolha-da-sociedade-contemporanea\/\"]}]},{\"@type\":\"BreadcrumbList\",\"@id\":\"https:\/\/jornalismo.ufsj.edu.br\/site\/webjornalismo\/artigo-a-bolha-da-sociedade-contemporanea\/#breadcrumb\",\"itemListElement\":[{\"@type\":\"ListItem\",\"position\":1,\"name\":\"In\u00edcio\",\"item\":\"http:\/\/jornalismo.ufsj.edu.br\/site\/\"},{\"@type\":\"ListItem\",\"position\":2,\"name\":\"ARTIGO: A bolha da sociedade contempor\u00e2nea\"}]},{\"@type\":\"WebSite\",\"@id\":\"http:\/\/jornalismo.ufsj.edu.br\/site\/#website\",\"url\":\"http:\/\/jornalismo.ufsj.edu.br\/site\/\",\"name\":\"Jornalismo UFSJ\",\"description\":\"\",\"potentialAction\":[{\"@type\":\"SearchAction\",\"target\":{\"@type\":\"EntryPoint\",\"urlTemplate\":\"http:\/\/jornalismo.ufsj.edu.br\/site\/?s={search_term_string}\"},\"query-input\":\"required name=search_term_string\"}],\"inLanguage\":\"pt-BR\"},{\"@type\":\"Person\",\"@id\":\"http:\/\/jornalismo.ufsj.edu.br\/site\/#\/schema\/person\/f2aab557f9f94fdae1e2e2b0e6a81536\",\"name\":\"Jornalismo UFSJ\",\"image\":{\"@type\":\"ImageObject\",\"inLanguage\":\"pt-BR\",\"@id\":\"http:\/\/jornalismo.ufsj.edu.br\/site\/#\/schema\/person\/image\/\",\"url\":\"http:\/\/0.gravatar.com\/avatar\/3caca5e541257fa5c0030bb58ce55972?s=96&d=mm&r=g\",\"contentUrl\":\"http:\/\/0.gravatar.com\/avatar\/3caca5e541257fa5c0030bb58ce55972?s=96&d=mm&r=g\",\"caption\":\"Jornalismo UFSJ\"}}]}<\/script>\n<!-- \/ Yoast SEO plugin. -->","yoast_head_json":{"title":"ARTIGO: A bolha da sociedade contempor\u00e2nea - Jornalismo UFSJ","robots":{"index":"index","follow":"follow","max-snippet":"max-snippet:-1","max-image-preview":"max-image-preview:large","max-video-preview":"max-video-preview:-1"},"canonical":"https:\/\/jornalismo.ufsj.edu.br\/site\/webjornalismo\/artigo-a-bolha-da-sociedade-contemporanea\/","og_locale":"pt_BR","og_type":"article","og_title":"ARTIGO: A bolha da sociedade contempor\u00e2nea - Jornalismo UFSJ","og_description":"O texto \u00e9 assinado por Isabella Paolucci, Lays Fortes e Raphaela Ferreira e foi feito durante a disciplina de Comunica\u00e7\u00e3o Digital e Webjornalismo, da Profa. Alessandra de Falco","og_url":"https:\/\/jornalismo.ufsj.edu.br\/site\/webjornalismo\/artigo-a-bolha-da-sociedade-contemporanea\/","og_site_name":"Jornalismo UFSJ","article_publisher":"https:\/\/www.facebook.com\/jornalismoufsj\/","article_published_time":"2019-12-18T03:01:04+00:00","article_modified_time":"2019-12-13T15:32:43+00:00","og_image":[{"width":1272,"height":620,"url":"https:\/\/jornalismo.ufsj.edu.br\/site\/wp-content\/uploads\/2019\/12\/WhatsApp-Image-2019-12-12-at-16.12.39.jpeg","type":"image\/jpeg"}],"author":"Jornalismo UFSJ","twitter_card":"summary_large_image","twitter_creator":"@jornalismoufsj","twitter_site":"@jornalismoufsj","twitter_misc":{"Escrito por":"Jornalismo UFSJ","Est. tempo de leitura":"3 minutos"},"schema":{"@context":"https:\/\/schema.org","@graph":[{"@type":"WebPage","@id":"https:\/\/jornalismo.ufsj.edu.br\/site\/webjornalismo\/artigo-a-bolha-da-sociedade-contemporanea\/","url":"https:\/\/jornalismo.ufsj.edu.br\/site\/webjornalismo\/artigo-a-bolha-da-sociedade-contemporanea\/","name":"ARTIGO: A bolha da sociedade contempor\u00e2nea - Jornalismo UFSJ","isPartOf":{"@id":"http:\/\/jornalismo.ufsj.edu.br\/site\/#website"},"datePublished":"2019-12-18T03:01:04+00:00","dateModified":"2019-12-13T15:32:43+00:00","author":{"@id":"http:\/\/jornalismo.ufsj.edu.br\/site\/#\/schema\/person\/f2aab557f9f94fdae1e2e2b0e6a81536"},"breadcrumb":{"@id":"https:\/\/jornalismo.ufsj.edu.br\/site\/webjornalismo\/artigo-a-bolha-da-sociedade-contemporanea\/#breadcrumb"},"inLanguage":"pt-BR","potentialAction":[{"@type":"ReadAction","target":["https:\/\/jornalismo.ufsj.edu.br\/site\/webjornalismo\/artigo-a-bolha-da-sociedade-contemporanea\/"]}]},{"@type":"BreadcrumbList","@id":"https:\/\/jornalismo.ufsj.edu.br\/site\/webjornalismo\/artigo-a-bolha-da-sociedade-contemporanea\/#breadcrumb","itemListElement":[{"@type":"ListItem","position":1,"name":"In\u00edcio","item":"http:\/\/jornalismo.ufsj.edu.br\/site\/"},{"@type":"ListItem","position":2,"name":"ARTIGO: A bolha da sociedade contempor\u00e2nea"}]},{"@type":"WebSite","@id":"http:\/\/jornalismo.ufsj.edu.br\/site\/#website","url":"http:\/\/jornalismo.ufsj.edu.br\/site\/","name":"Jornalismo UFSJ","description":"","potentialAction":[{"@type":"SearchAction","target":{"@type":"EntryPoint","urlTemplate":"http:\/\/jornalismo.ufsj.edu.br\/site\/?s={search_term_string}"},"query-input":"required name=search_term_string"}],"inLanguage":"pt-BR"},{"@type":"Person","@id":"http:\/\/jornalismo.ufsj.edu.br\/site\/#\/schema\/person\/f2aab557f9f94fdae1e2e2b0e6a81536","name":"Jornalismo UFSJ","image":{"@type":"ImageObject","inLanguage":"pt-BR","@id":"http:\/\/jornalismo.ufsj.edu.br\/site\/#\/schema\/person\/image\/","url":"http:\/\/0.gravatar.com\/avatar\/3caca5e541257fa5c0030bb58ce55972?s=96&d=mm&r=g","contentUrl":"http:\/\/0.gravatar.com\/avatar\/3caca5e541257fa5c0030bb58ce55972?s=96&d=mm&r=g","caption":"Jornalismo UFSJ"}}]}},"jetpack_featured_media_url":"http:\/\/anu.ufsj.edu.br\/site\/wp-content\/uploads\/2019\/12\/WhatsApp-Image-2019-12-12-at-16.12.39.jpeg","_links":{"self":[{"href":"http:\/\/anu.ufsj.edu.br\/site\/wp-json\/wp\/v2\/posts\/6938"}],"collection":[{"href":"http:\/\/anu.ufsj.edu.br\/site\/wp-json\/wp\/v2\/posts"}],"about":[{"href":"http:\/\/anu.ufsj.edu.br\/site\/wp-json\/wp\/v2\/types\/post"}],"author":[{"embeddable":true,"href":"http:\/\/anu.ufsj.edu.br\/site\/wp-json\/wp\/v2\/users\/2"}],"replies":[{"embeddable":true,"href":"http:\/\/anu.ufsj.edu.br\/site\/wp-json\/wp\/v2\/comments?post=6938"}],"version-history":[{"count":1,"href":"http:\/\/anu.ufsj.edu.br\/site\/wp-json\/wp\/v2\/posts\/6938\/revisions"}],"predecessor-version":[{"id":6939,"href":"http:\/\/anu.ufsj.edu.br\/site\/wp-json\/wp\/v2\/posts\/6938\/revisions\/6939"}],"wp:featuredmedia":[{"embeddable":true,"href":"http:\/\/anu.ufsj.edu.br\/site\/wp-json\/wp\/v2\/media\/6923"}],"wp:attachment":[{"href":"http:\/\/anu.ufsj.edu.br\/site\/wp-json\/wp\/v2\/media?parent=6938"}],"wp:term":[{"taxonomy":"category","embeddable":true,"href":"http:\/\/anu.ufsj.edu.br\/site\/wp-json\/wp\/v2\/categories?post=6938"},{"taxonomy":"post_tag","embeddable":true,"href":"http:\/\/anu.ufsj.edu.br\/site\/wp-json\/wp\/v2\/tags?post=6938"}],"curies":[{"name":"wp","href":"https:\/\/api.w.org\/{rel}","templated":true}]}}