{"id":6940,"date":"2019-12-19T13:40:01","date_gmt":"2019-12-19T16:40:01","guid":{"rendered":"http:\/\/jornalismo.ufsj.edu.br\/site\/?p=6940"},"modified":"2019-12-13T13:46:36","modified_gmt":"2019-12-13T16:46:36","slug":"artigo-reflexoes-para-uma-web-melhor-inclusiva-e-cidada","status":"publish","type":"post","link":"http:\/\/anu.ufsj.edu.br\/site\/jornalismoufsj\/artigo-reflexoes-para-uma-web-melhor-inclusiva-e-cidada\/","title":{"rendered":"ARTIGO: Reflex\u00f5es para uma web melhor, inclusiva e cidad\u00e3"},"content":{"rendered":"\n<p>Com pouco mais de tr\u00eas d\u00e9cadas, a web j\u00e1 promoveu profundas transforma\u00e7\u00f5es no mundo, renovando a forma de se comunicar, trabalhar, relacionar e empreender, mudan\u00e7as que acontecem a cada vez em maior velocidade e em menor per\u00edodo de tempo.<br><br>Nesse cen\u00e1rio, h\u00e1 graves problemas a serem debatidos e combatidos, tanto os que existem em decorr\u00eancia da m\u00e1 ou inadequada utiliza\u00e7\u00e3o pelas pessoas como aqueles decorrentes da n\u00e3o utiliza\u00e7\u00e3o, pelos chamados exclu\u00eddos digitais. \u00c9 poss\u00edvel verificar a import\u00e2ncia do assunto, e os desafios que ele imp\u00f5e, analisando-se algumas iniciativas empreendidas, sejam elas globais, nacionais ou locais, que t\u00eam em comum o objetivo de tornar a web, de fato, um ambiente onde impere a positividade, a inclus\u00e3o e a cidadania.<br><\/p>\n\n\n\n<p><strong>Mas qual seria um ponto de partida?<\/strong><br><br>Um deles, que \u00e9 global e conta com a ades\u00e3o do Comit\u00ea Gestor da Internet do Brasil (CGI.br) \u00e9 a proposta de a\u00e7\u00e3o denominada <em>Um Contrato para a Web<\/em> (<a href=\"https:\/\/contractfortheweb.org\/\">A Contract for the Web<\/a>), lan\u00e7ada por Sir Tim Berners-Lee (1955), por meio da Funda\u00e7\u00e3o Web (<a href=\"https:\/\/webfoundation.org\/\">World Wide Web Foundation<\/a>), que criou h\u00e1 cerca de dez anos. F\u00edsico brit\u00e2nico, cientista da computa\u00e7\u00e3o e professor do Instituto de Tecnologia de Massachusetts (MIT), Berners-Lee \u00e9 considerado o \u201cpai\u201d da World Wide Web &#8211; \u201cw\u201d triplos que muitos digitam e talvez nem todos saibam a sua hist\u00f3ria.<br><br><em>Um Contrato para a Web<\/em>, que traz o slogan \u201ctornar o mundo online seguro e acess\u00edvel a qualquer um\u201d, estimula a reflex\u00e3o sobre como a web tem modificado o mundo e exige dos governos, das empresas e dos indiv\u00edduos o compromisso de agir para fazer da web um ambiente melhor, que beneficie toda a humanidade. No <em>Contrato<\/em>, Berners-Lee cita tr\u00eas principais fontes de disfun\u00e7\u00e3o na web atual:\u00a0<\/p>\n\n\n\n<ul><li>Inten\u00e7\u00f5es maliciosas e deliberadas, como invas\u00f5es e ataques patrocinados pelo Estado, comportamento criminoso e ass\u00e9dio on-line;<\/li><li>Design de sistemas que criam incentivos perversos em que o valor do usu\u00e1rio \u00e9 sacrificado, como modelos de receita baseados em an\u00fancios que recompensam comercialmente o \u201cca\u00e7a-clique\u201d e a dissemina\u00e7\u00e3o viral da desinforma\u00e7\u00e3o.<\/li><li>Consequ\u00eancias negativas n\u00e3o intencionais do design benevolente, como o tom ultrajado e polarizado e a qualidade do discurso on-line.<\/li><\/ul>\n\n\n\n<p>Disseminada por meio da hashtag <a href=\"https:\/\/fortheweb.webfoundation.org\/\">#ForTheWeb<\/a>, em 2018, a proposta vem obtendo a ades\u00e3o de governos, empresas e cidad\u00e3os para uma atua\u00e7\u00e3o conjunta e j\u00e1 conta com o apoio de cerca de 160 organiza\u00e7\u00f5es parceiras, em 70 pa\u00edses. Para 2022, a Funda\u00e7\u00e3o Web e seus atuais 30 membros planejam promover a igualdade digital em todo o mundo.<br><br>A proposta \u00e9 significativa e merece reconhecimento e, ainda que n\u00e3o agregue todos os pa\u00edses em seu \u201ccontrato\u201d, mobiliza parte deles em dire\u00e7\u00e3o a estrat\u00e9gias que permitem tanto o melhor uso da web como delinear preventivamente os impactos da inevit\u00e1vel continuidade evolutiva do ambiente digital.<br><br><strong>Uma a\u00e7\u00e3o global como essa ser\u00e1 suficiente?<\/strong><br><br>Infelizmente, a iniciativa pode n\u00e3o alcan\u00e7ar toda a abrang\u00eancia mais urgente que a situa\u00e7\u00e3o requer. <br><br>Uma outra frente relevante e necess\u00e1ria, a ser emergencialmente aberta, \u00e9 a de forma\u00e7\u00e3o das crian\u00e7as e dos jovens, no sentido de promover e aprimorar o seu conhecimento, a sua capacidade de cr\u00edtica, o uso de valores \u00e9ticos e de bons comportamentos sociais nas suas viv\u00eancias e intera\u00e7\u00f5es junto \u00e0 web e, de forma sin\u00e9rgica, junto \u00e0queles que nela j\u00e1 se encontram mais submersos.<br><br>Pode-se exemplificar essa preocupa\u00e7\u00e3o brasileira com a terceira edi\u00e7\u00e3o do &#8220;Ciclo Cultura, Educa\u00e7\u00e3o e Tecnologias em Debate\u201d, ocorrida em setembro deste ano, na qual o CGI.br debateu a alfabetiza\u00e7\u00e3o para a cidadania digital e lan\u00e7ou as importantes pesquisas <a href=\"https:\/\/cetic.br\/pesquisa\/educacao\/publicacoes\/\">TIC Educa\u00e7\u00e3o 2018<\/a> e <a href=\"https:\/\/cetic.br\/pesquisa\/kids-online\/publicacoes\/\">TIC Kids Online Brasil 2018<\/a>, realizadas pelo Centro Regional de Estudos para o Desenvolvimento da Sociedade da Informa\u00e7\u00e3o (Cetic.br). <br><br>De acordo com informa\u00e7\u00f5es do <a href=\"https:\/\/cetic.br\/noticia\/publicacoes-do-cetic-br-sao-lancadas-em-encontro-do-ciclo-cultura-educacao-e-tecnologias-em-debate\/\">Cetic.br,<\/a> a relev\u00e2ncia das pesquisas sobre o acesso e uso das TIC reside no subs\u00eddio que oferecem para iniciativas voltadas ao uso cr\u00edtico e respons\u00e1vel da internet. Elas s\u00e3o vitais para que, al\u00e9m do amplo acesso \u00e0 informa\u00e7\u00e3o, seja formada uma postura cr\u00edtica com as informa\u00e7\u00f5es acessadas online, ou seja, alfabetizar digitalmente a sociedade. <br><br>Para a institui\u00e7\u00e3o, segundo o prop\u00f3sito de promo\u00e7\u00e3o do uso aberto, inclusivo e seguro da internet, a alfabetiza\u00e7\u00e3o digital e a educa\u00e7\u00e3o para a cidadania digital permitiriam o uso seguro e respons\u00e1vel pelas crian\u00e7as, desenvolvendo nelas compet\u00eancias t\u00e9cnicas e habilidades para a compreens\u00e3o cr\u00edtica do conte\u00fado e das oportunidades e riscos no ambiente online.<br><br><strong>E mesmo assim, restam outros desafios!<\/strong><br><br>Em v\u00e1rias partes do pa\u00eds, a efetiva alfabetiza\u00e7\u00e3o e educa\u00e7\u00e3o para a cidadania digital ainda se encontra em alto grau de precariedade ou, at\u00e9 mesmo, de aus\u00eancia do acesso \u00e0 internet.<br><br>A disparidade \u00e9 gritante entre as regi\u00f5es brasileiras. Em algumas, nos grandes centros, os cidad\u00e3os acompanham a competi\u00e7\u00e3o pelo mercado 5G brasileiro, entre Estados Unidos e China. Em outras, no interior do pa\u00eds, um imenso esfor\u00e7o tem que ser despendido por uma comunidade, e com apoio de institui\u00e7\u00f5es n\u00e3o governamentais inclusive, para se conquistar uma\u00a0 primeira (e modesta) instala\u00e7\u00e3o de um sistema 3G. Esta situa\u00e7\u00e3o corresponde a uma das hist\u00f3rias retratadas no document\u00e1rio <a href=\"https:\/\/libreflix.org\/i\/freenet\"><em>FreeNet?<\/em><\/a> (Pedro Ekman, 2016), uma produ\u00e7\u00e3o que questiona a liberdade na internet e poderia ser tamb\u00e9m um \u00f3timo ponto de partida para se debater pol\u00edticas p\u00fablicas para o ambiente digital.<br><br>Ainda no sentido da inclus\u00e3o digital, pode-se destacar o cap\u00edtulo brasileiro da Internet Society (ISOC) &#8211; associa\u00e7\u00e3o internacional sem fins lucrativos criada em 1992 -, cuja proposta &#8220;Desenvolvendo rede de comunidades na regi\u00e3o norte do Brasil&#8221; foi um dos 15 selecionados entre 49 concorrentes, em 2018, pelo projeto <a href=\"https:\/\/www.internetsociety.org\/beyond-the-net\/grants\/\"><em>Beyond the NET<\/em> <em>Grants<\/em><\/a>, cuja miss\u00e3o \u00e9 fortalecer comunidades locais em todo o mundo. As propostas escolhidas devem comungar a finalidade do projeto, propiciando a intera\u00e7\u00e3o com governos, empresas e entidades para ado\u00e7\u00e3o de pol\u00edticas em rela\u00e7\u00e3o \u00e0 internet coincidentes com os princ\u00edpios de rede aberta e universalmente acess\u00edvel, ao lado do apoio \u00e0 inova\u00e7\u00e3o, \u00e0 criatividade e \u00e0s oportunidades comerciais.<br><br>Acima de tudo, e o quanto antes, \u00e9 preciso ampliar os debates e definir pol\u00edticas p\u00fablicas claras e crescentes, para tanto reduzir as dist\u00e2ncias geogr\u00e1ficas que ainda cerceiam o acesso \u00e0 internet como implementar uma efetiva cidadania digital sem qualquer distin\u00e7\u00e3o de perfis demogr\u00e1ficos, e priorizar, a curto prazo, a implementa\u00e7\u00e3o de uma s\u00f3lida pol\u00edtica de forma\u00e7\u00e3o digital de nossas crian\u00e7as e jovens.<br><br>E voc\u00ea, conhece outras ideias para promover a inclus\u00e3o, alfabetiza\u00e7\u00e3o e cidadania digital?<\/p>\n\n\n\n<hr class=\"wp-block-separator\"\/>\n\n\n\n<p><strong>Refer\u00eancias<\/strong><\/p>\n\n\n\n<p>Beyond the Net Grants. Dispon\u00edvel em: <a href=\"https:\/\/www.internetsociety.org\/beyond-the-net\/grants\/\">https:\/\/www.internetsociety.org\/beyond-the-net\/grants\/<\/a>. Acesso em: 22 nov. 2019.<br><br>Desenvolvendo rede de comunidades na regi\u00e3o norte do Brasil. Dispon\u00edvel em: <a href=\"https:\/\/isoc.org.br\/\">https:\/\/isoc.org.br\/<\/a>. Acesso em: 22 nov. 2019.<\/p>\n\n\n\n<p>Digital Equality #ForEveryone | Web Foundation. Dispon\u00edvel em:\u00a0<a href=\"https:\/\/www.youtube.com\/watch?v=Y6F8__Qa0mU\">https:\/\/www.youtube.com\/watch?v=Y6F8__Qa0mU<\/a>. Acesso em: 22 nov. 2019.<br><br>Document\u00e1rio <em>FreeNet?<\/em>. Dispon\u00edvel em: <a href=\"https:\/\/libreflix.org\/i\/freenet\">https:\/\/libreflix.org\/i\/freenet<\/a>. Acesso em: 22 nov. 2019.<br><br>Internet Society. Dispon\u00edvel em: <a href=\"https:\/\/isoc.org.br\/\">https:\/\/isoc.org.br\/<\/a>. Acesso em: 22 nov. 2019.<br><br>Publica\u00e7\u00f5es do Cetic.br s\u00e3o lan\u00e7adas em encontro do Ciclo Cultura, Educa\u00e7\u00e3o e Tecnologias em Debate. Dispon\u00edvel em:\u00a0<a href=\"https:\/\/www.cgi.br\/noticia\/notas\/publicacoes-do-cetic-br-sao-lancadas-em-encontro-do-ciclo-cultura-educacao-e-tecnologias-em-debate\/\">https:\/\/www.cgi.br\/noticia\/notas\/publicacoes-do-cetic-br-sao-lancadas-em-encontro-do-ciclo-cultura-educacao-e-tecnologias-em-debate\/<\/a>. Acesso em: 22 nov. 2019.<br><br>World Wide Web Foundation. Dispon\u00edvel em: <a href=\"https:\/\/webfoundation.org\/\">https:\/\/webfoundation.org\/<\/a>. Acesso em 22 nov. 2019.\u00a0<\/p>\n\n\n\n<p><strong>Texto:  <\/strong>Lorene Souza<br><strong>Supervis\u00e3o:<\/strong> Profa. Alessandra de Falco<br><br><strong>Arte de destaque:<\/strong> \u00cdcaro Chaves<\/p>\n","protected":false},"excerpt":{"rendered":"<p>O texto \u00e9 assinado por Lorene Souza e foi feito durante a disciplina de Comunica\u00e7\u00e3o Digital e Webjornalismo, da Profa. Alessandra de Falco<\/p>\n","protected":false},"author":2,"featured_media":6923,"comment_status":"open","ping_status":"open","sticky":false,"template":"","format":"standard","meta":{"_monsterinsights_skip_tracking":false,"_monsterinsights_sitenote_active":false,"_monsterinsights_sitenote_note":"","_monsterinsights_sitenote_category":0},"categories":[43,77],"tags":[290,297,294,296,119],"yoast_head":"<!-- This site is optimized with the Yoast SEO plugin v20.6 - https:\/\/yoast.com\/wordpress\/plugins\/seo\/ -->\n<title>ARTIGO: Reflex\u00f5es para uma web melhor, inclusiva e cidad\u00e3 - Jornalismo UFSJ<\/title>\n<meta name=\"robots\" content=\"index, follow, max-snippet:-1, max-image-preview:large, max-video-preview:-1\" \/>\n<link rel=\"canonical\" href=\"http:\/\/jornalismo.ufsj.edu.br\/site\/jornalismoufsj\/artigo-reflexoes-para-uma-web-melhor-inclusiva-e-cidada\/\" \/>\n<meta property=\"og:locale\" content=\"pt_BR\" \/>\n<meta property=\"og:type\" content=\"article\" \/>\n<meta property=\"og:title\" content=\"ARTIGO: Reflex\u00f5es para uma web melhor, inclusiva e cidad\u00e3 - Jornalismo UFSJ\" \/>\n<meta property=\"og:description\" content=\"O texto \u00e9 assinado por Lorene Souza e foi feito durante a disciplina de Comunica\u00e7\u00e3o Digital e Webjornalismo, da Profa. Alessandra de Falco\" \/>\n<meta property=\"og:url\" content=\"http:\/\/jornalismo.ufsj.edu.br\/site\/jornalismoufsj\/artigo-reflexoes-para-uma-web-melhor-inclusiva-e-cidada\/\" \/>\n<meta property=\"og:site_name\" content=\"Jornalismo UFSJ\" \/>\n<meta property=\"article:publisher\" content=\"https:\/\/www.facebook.com\/jornalismoufsj\/\" \/>\n<meta property=\"article:published_time\" content=\"2019-12-19T16:40:01+00:00\" \/>\n<meta property=\"article:modified_time\" content=\"2019-12-13T16:46:36+00:00\" \/>\n<meta property=\"og:image\" content=\"http:\/\/jornalismo.ufsj.edu.br\/site\/wp-content\/uploads\/2019\/12\/WhatsApp-Image-2019-12-12-at-16.12.39.jpeg\" \/>\n\t<meta property=\"og:image:width\" content=\"1272\" \/>\n\t<meta property=\"og:image:height\" content=\"620\" \/>\n\t<meta property=\"og:image:type\" content=\"image\/jpeg\" \/>\n<meta name=\"author\" content=\"Jornalismo UFSJ\" \/>\n<meta name=\"twitter:card\" content=\"summary_large_image\" \/>\n<meta name=\"twitter:creator\" content=\"@jornalismoufsj\" \/>\n<meta name=\"twitter:site\" content=\"@jornalismoufsj\" \/>\n<meta name=\"twitter:label1\" content=\"Escrito por\" \/>\n\t<meta name=\"twitter:data1\" content=\"Jornalismo UFSJ\" \/>\n\t<meta name=\"twitter:label2\" content=\"Est. tempo de leitura\" \/>\n\t<meta name=\"twitter:data2\" content=\"6 minutos\" \/>\n<script type=\"application\/ld+json\" class=\"yoast-schema-graph\">{\"@context\":\"https:\/\/schema.org\",\"@graph\":[{\"@type\":\"WebPage\",\"@id\":\"http:\/\/jornalismo.ufsj.edu.br\/site\/jornalismoufsj\/artigo-reflexoes-para-uma-web-melhor-inclusiva-e-cidada\/\",\"url\":\"http:\/\/jornalismo.ufsj.edu.br\/site\/jornalismoufsj\/artigo-reflexoes-para-uma-web-melhor-inclusiva-e-cidada\/\",\"name\":\"ARTIGO: Reflex\u00f5es para uma web melhor, inclusiva e cidad\u00e3 - Jornalismo UFSJ\",\"isPartOf\":{\"@id\":\"http:\/\/jornalismo.ufsj.edu.br\/site\/#website\"},\"datePublished\":\"2019-12-19T16:40:01+00:00\",\"dateModified\":\"2019-12-13T16:46:36+00:00\",\"author\":{\"@id\":\"http:\/\/jornalismo.ufsj.edu.br\/site\/#\/schema\/person\/f2aab557f9f94fdae1e2e2b0e6a81536\"},\"breadcrumb\":{\"@id\":\"http:\/\/jornalismo.ufsj.edu.br\/site\/jornalismoufsj\/artigo-reflexoes-para-uma-web-melhor-inclusiva-e-cidada\/#breadcrumb\"},\"inLanguage\":\"pt-BR\",\"potentialAction\":[{\"@type\":\"ReadAction\",\"target\":[\"http:\/\/jornalismo.ufsj.edu.br\/site\/jornalismoufsj\/artigo-reflexoes-para-uma-web-melhor-inclusiva-e-cidada\/\"]}]},{\"@type\":\"BreadcrumbList\",\"@id\":\"http:\/\/jornalismo.ufsj.edu.br\/site\/jornalismoufsj\/artigo-reflexoes-para-uma-web-melhor-inclusiva-e-cidada\/#breadcrumb\",\"itemListElement\":[{\"@type\":\"ListItem\",\"position\":1,\"name\":\"In\u00edcio\",\"item\":\"http:\/\/jornalismo.ufsj.edu.br\/site\/\"},{\"@type\":\"ListItem\",\"position\":2,\"name\":\"ARTIGO: Reflex\u00f5es para uma web melhor, inclusiva e cidad\u00e3\"}]},{\"@type\":\"WebSite\",\"@id\":\"http:\/\/jornalismo.ufsj.edu.br\/site\/#website\",\"url\":\"http:\/\/jornalismo.ufsj.edu.br\/site\/\",\"name\":\"Jornalismo UFSJ\",\"description\":\"\",\"potentialAction\":[{\"@type\":\"SearchAction\",\"target\":{\"@type\":\"EntryPoint\",\"urlTemplate\":\"http:\/\/jornalismo.ufsj.edu.br\/site\/?s={search_term_string}\"},\"query-input\":\"required name=search_term_string\"}],\"inLanguage\":\"pt-BR\"},{\"@type\":\"Person\",\"@id\":\"http:\/\/jornalismo.ufsj.edu.br\/site\/#\/schema\/person\/f2aab557f9f94fdae1e2e2b0e6a81536\",\"name\":\"Jornalismo UFSJ\",\"image\":{\"@type\":\"ImageObject\",\"inLanguage\":\"pt-BR\",\"@id\":\"http:\/\/jornalismo.ufsj.edu.br\/site\/#\/schema\/person\/image\/\",\"url\":\"http:\/\/0.gravatar.com\/avatar\/3caca5e541257fa5c0030bb58ce55972?s=96&d=mm&r=g\",\"contentUrl\":\"http:\/\/0.gravatar.com\/avatar\/3caca5e541257fa5c0030bb58ce55972?s=96&d=mm&r=g\",\"caption\":\"Jornalismo UFSJ\"}}]}<\/script>\n<!-- \/ Yoast SEO plugin. -->","yoast_head_json":{"title":"ARTIGO: Reflex\u00f5es para uma web melhor, inclusiva e cidad\u00e3 - Jornalismo UFSJ","robots":{"index":"index","follow":"follow","max-snippet":"max-snippet:-1","max-image-preview":"max-image-preview:large","max-video-preview":"max-video-preview:-1"},"canonical":"http:\/\/jornalismo.ufsj.edu.br\/site\/jornalismoufsj\/artigo-reflexoes-para-uma-web-melhor-inclusiva-e-cidada\/","og_locale":"pt_BR","og_type":"article","og_title":"ARTIGO: Reflex\u00f5es para uma web melhor, inclusiva e cidad\u00e3 - Jornalismo UFSJ","og_description":"O texto \u00e9 assinado por Lorene Souza e foi feito durante a disciplina de Comunica\u00e7\u00e3o Digital e Webjornalismo, da Profa. Alessandra de Falco","og_url":"http:\/\/jornalismo.ufsj.edu.br\/site\/jornalismoufsj\/artigo-reflexoes-para-uma-web-melhor-inclusiva-e-cidada\/","og_site_name":"Jornalismo UFSJ","article_publisher":"https:\/\/www.facebook.com\/jornalismoufsj\/","article_published_time":"2019-12-19T16:40:01+00:00","article_modified_time":"2019-12-13T16:46:36+00:00","og_image":[{"width":1272,"height":620,"url":"http:\/\/jornalismo.ufsj.edu.br\/site\/wp-content\/uploads\/2019\/12\/WhatsApp-Image-2019-12-12-at-16.12.39.jpeg","type":"image\/jpeg"}],"author":"Jornalismo UFSJ","twitter_card":"summary_large_image","twitter_creator":"@jornalismoufsj","twitter_site":"@jornalismoufsj","twitter_misc":{"Escrito por":"Jornalismo UFSJ","Est. tempo de leitura":"6 minutos"},"schema":{"@context":"https:\/\/schema.org","@graph":[{"@type":"WebPage","@id":"http:\/\/jornalismo.ufsj.edu.br\/site\/jornalismoufsj\/artigo-reflexoes-para-uma-web-melhor-inclusiva-e-cidada\/","url":"http:\/\/jornalismo.ufsj.edu.br\/site\/jornalismoufsj\/artigo-reflexoes-para-uma-web-melhor-inclusiva-e-cidada\/","name":"ARTIGO: Reflex\u00f5es para uma web melhor, inclusiva e cidad\u00e3 - Jornalismo UFSJ","isPartOf":{"@id":"http:\/\/jornalismo.ufsj.edu.br\/site\/#website"},"datePublished":"2019-12-19T16:40:01+00:00","dateModified":"2019-12-13T16:46:36+00:00","author":{"@id":"http:\/\/jornalismo.ufsj.edu.br\/site\/#\/schema\/person\/f2aab557f9f94fdae1e2e2b0e6a81536"},"breadcrumb":{"@id":"http:\/\/jornalismo.ufsj.edu.br\/site\/jornalismoufsj\/artigo-reflexoes-para-uma-web-melhor-inclusiva-e-cidada\/#breadcrumb"},"inLanguage":"pt-BR","potentialAction":[{"@type":"ReadAction","target":["http:\/\/jornalismo.ufsj.edu.br\/site\/jornalismoufsj\/artigo-reflexoes-para-uma-web-melhor-inclusiva-e-cidada\/"]}]},{"@type":"BreadcrumbList","@id":"http:\/\/jornalismo.ufsj.edu.br\/site\/jornalismoufsj\/artigo-reflexoes-para-uma-web-melhor-inclusiva-e-cidada\/#breadcrumb","itemListElement":[{"@type":"ListItem","position":1,"name":"In\u00edcio","item":"http:\/\/jornalismo.ufsj.edu.br\/site\/"},{"@type":"ListItem","position":2,"name":"ARTIGO: Reflex\u00f5es para uma web melhor, inclusiva e cidad\u00e3"}]},{"@type":"WebSite","@id":"http:\/\/jornalismo.ufsj.edu.br\/site\/#website","url":"http:\/\/jornalismo.ufsj.edu.br\/site\/","name":"Jornalismo UFSJ","description":"","potentialAction":[{"@type":"SearchAction","target":{"@type":"EntryPoint","urlTemplate":"http:\/\/jornalismo.ufsj.edu.br\/site\/?s={search_term_string}"},"query-input":"required name=search_term_string"}],"inLanguage":"pt-BR"},{"@type":"Person","@id":"http:\/\/jornalismo.ufsj.edu.br\/site\/#\/schema\/person\/f2aab557f9f94fdae1e2e2b0e6a81536","name":"Jornalismo UFSJ","image":{"@type":"ImageObject","inLanguage":"pt-BR","@id":"http:\/\/jornalismo.ufsj.edu.br\/site\/#\/schema\/person\/image\/","url":"http:\/\/0.gravatar.com\/avatar\/3caca5e541257fa5c0030bb58ce55972?s=96&d=mm&r=g","contentUrl":"http:\/\/0.gravatar.com\/avatar\/3caca5e541257fa5c0030bb58ce55972?s=96&d=mm&r=g","caption":"Jornalismo UFSJ"}}]}},"jetpack_featured_media_url":"http:\/\/anu.ufsj.edu.br\/site\/wp-content\/uploads\/2019\/12\/WhatsApp-Image-2019-12-12-at-16.12.39.jpeg","_links":{"self":[{"href":"http:\/\/anu.ufsj.edu.br\/site\/wp-json\/wp\/v2\/posts\/6940"}],"collection":[{"href":"http:\/\/anu.ufsj.edu.br\/site\/wp-json\/wp\/v2\/posts"}],"about":[{"href":"http:\/\/anu.ufsj.edu.br\/site\/wp-json\/wp\/v2\/types\/post"}],"author":[{"embeddable":true,"href":"http:\/\/anu.ufsj.edu.br\/site\/wp-json\/wp\/v2\/users\/2"}],"replies":[{"embeddable":true,"href":"http:\/\/anu.ufsj.edu.br\/site\/wp-json\/wp\/v2\/comments?post=6940"}],"version-history":[{"count":1,"href":"http:\/\/anu.ufsj.edu.br\/site\/wp-json\/wp\/v2\/posts\/6940\/revisions"}],"predecessor-version":[{"id":6941,"href":"http:\/\/anu.ufsj.edu.br\/site\/wp-json\/wp\/v2\/posts\/6940\/revisions\/6941"}],"wp:featuredmedia":[{"embeddable":true,"href":"http:\/\/anu.ufsj.edu.br\/site\/wp-json\/wp\/v2\/media\/6923"}],"wp:attachment":[{"href":"http:\/\/anu.ufsj.edu.br\/site\/wp-json\/wp\/v2\/media?parent=6940"}],"wp:term":[{"taxonomy":"category","embeddable":true,"href":"http:\/\/anu.ufsj.edu.br\/site\/wp-json\/wp\/v2\/categories?post=6940"},{"taxonomy":"post_tag","embeddable":true,"href":"http:\/\/anu.ufsj.edu.br\/site\/wp-json\/wp\/v2\/tags?post=6940"}],"curies":[{"name":"wp","href":"https:\/\/api.w.org\/{rel}","templated":true}]}}