{"id":960,"date":"2014-07-29T22:37:00","date_gmt":"2014-07-29T22:37:00","guid":{"rendered":"http:\/\/jornalismo.ufsj.edu.br\/2014\/07\/29\/tecnologias-digitais-o-que-realmente-mudou"},"modified":"2014-07-29T22:37:00","modified_gmt":"2014-07-29T22:37:00","slug":"tecnologias-digitais-o-que-realmente-mudou","status":"publish","type":"post","link":"http:\/\/anu.ufsj.edu.br\/site\/httpschemas-google-comblogger2008kindpost\/tecnologias-digitais-o-que-realmente-mudou\/","title":{"rendered":"Tecnologias digitais \u2013 o que realmente mudou?"},"content":{"rendered":"<div class=\"separator\" style=\"clear:both;text-align:center;\"><\/div>\n<div class=\"separator\" style=\"clear:both;text-align:center;\"><a href=\"https:\/\/jornalismou.files.wordpress.com\/2014\/07\/3d7c5-observatorio.jpg\" style=\"clear:left;float:left;margin-bottom:1em;margin-right:1em;\"><img loading=\"lazy\" border=\"0\" src=\"https:\/\/jornalismou.files.wordpress.com\/2014\/07\/3d7c5-observatorio.jpg\" height=\"306\" width=\"400\" \/><\/a><\/div>\n<p>N\u00e3o \u00e9 jornalista quem acredita que a informa\u00e7\u00e3o \u00e9 um bem particular a ser tomado para si e monopolizado pelo discurso ou pelos meios nos quais se propaga. As ferramentas digitais trazem novas possibilidades para a participa\u00e7\u00e3o e pr\u00e1tica de um &#8220;novo&#8221; jornalismo, ou a aplica\u00e7\u00e3o de seu ideal. Difundir conte\u00fado e relacionar-se \u00a0com estes \u00e9 direito de todo cidad\u00e3o.<\/p>\n<p>A graduanda <b>Danielle da Gama<\/b> exp\u00f5e a condi\u00e7\u00e3o e as alternativas para a produ\u00e7\u00e3o do jornalismo colaborativo, que reflete a realidade vivida, diferenciando-se da vis\u00e3o emba\u00e7ada oferecida por aqueles que n\u00e3o se inserem na quest\u00e3o que divulgam. Seu artigo a seguir foi feito na disciplina de Jornalismo Online foi publicado no <a href=\"http:\/\/www.observatoriodaimprensa.com.br\/\" target=\"_blank\">Observat\u00f3rio da Imprensa<\/a>.<\/p>\n<p>Muito se tem divulgado sobre as oportunidades que as tecnologias digitais apresentam para a democratiza\u00e7\u00e3o da comunica\u00e7\u00e3o e desta para a consecu\u00e7\u00e3o de uma real democracia pol\u00edtica. Essa vis\u00e3o guarda caracter\u00edsticas idealistas, mas, na mesma propor\u00e7\u00e3o, idealizadas. Na pr\u00e1tica, apesar de algumas iniciativas plenas de boa vontade, o chamado \u201cjornalismo-cidad\u00e3o\u201d n\u00e3o tem conseguido acompanhar todo o potencial das novas tecnologias, rumo a uma maior democratiza\u00e7\u00e3o dos meios de comunica\u00e7\u00e3o.<\/p>\n<p>\u00a0A quest\u00e3o principal \u00e9 que n\u00e3o se tem constru\u00eddo um novo jornalismo, capaz de apresentar diferentes vozes e aceitar discursos mais diversos, e sim, apenas, um \u201cvelho\u201d jornalismo feito em novas plataformas. De um lado, h\u00e1 uma estreita agenda nos meios noticiosos tradicionais, propagando os mesmos discursos, construindo cen\u00e1rios uniformes que deixam ao largo grande parte da sociedade. De outro, cidad\u00e3os, com dispositivos que podem utilizar para participar da produ\u00e7\u00e3o do agendamento ou do conte\u00fado, alienando este poder, al\u00e9m de muitas comunidades sem acesso a estes equipamentos ou \u00e0s bases para sequer construir um discurso que consiga seja ouvido.<\/p>\n<p>\u00a0Para os que se aventuram a brigar pela \u201ccidadania midi\u00e1tica\u201d, lembramos que \u00e9 necess\u00e1rio extirpar a no\u00e7\u00e3o de competi\u00e7\u00e3o entre os comunicadores profissionais e os comunicadores cidad\u00e3os, ampliando a no\u00e7\u00e3o de colabora\u00e7\u00e3o, quest\u00e3o chave para o aproveitamento das novas tecnologias; ensinar as pessoas a utilizar as ferramentas digitais, tornando-as h\u00e1beis a criar e divulgar conte\u00fados. Desde a simples a\u00e7\u00e3o de agregar coment\u00e1rios, at\u00e9 criar blogs ou sites de opini\u00e3o ou de den\u00fancia, sites h\u00edbridos em que coexista o conte\u00fado do jornalista cidad\u00e3o com o do jornalista profissional, ou com a curadoria deste, toda e qualquer iniciativa que desconstrua o agendamento centralizado, distribua o direito \u00e0 express\u00e3o e democratize o acesso \u00e0 informa\u00e7\u00e3o, construindo um jornalismo mais polif\u00f4nico.<\/p>\n<p>\u00a0Muitos avan\u00e7os s\u00e3o ineg\u00e1veis, mas h\u00e1 muito que fazer para incluir quem ainda est\u00e1 de fora do processo. O fato \u00e9 que o jornalismo em tempo real, online, tem em geral seguido dois caminhos: 1) a via da uniformiza\u00e7\u00e3o e reprodu\u00e7\u00e3o de discursos, em nome da rapidez e economia de recursos, negando minorias e em pouco contribuindo para a cidadania; 2) o caminho da tentativa de constitui\u00e7\u00e3o de um p\u00fablico comunicador, no amplo sentido da palavra, num modelo de Comunica\u00e7\u00e3o mais rico, que d\u00ea voz \u00e0 coletividade em express\u00f5es mais plurais, o que \u00e9, em \u00faltima an\u00e1lise, o vi\u00e9s pol\u00edtico do jornalismo no ciberespa\u00e7o. Resta, aos que acreditam na m\u00eddia cidad\u00e3, contribuir com realismo na sua constru\u00e7\u00e3o.<\/p>\n<div style=\"text-align:right;\"><\/div>\n<div style=\"text-align:right;\"><b>Conte\u00fado: <\/b>Observat\u00f3rio da Imprensa<\/div>\n<div style=\"text-align:right;\"><b>Texto: <\/b>Danielle da Gama<\/div>\n<div style=\"text-align:right;\"><b>Edi\u00e7\u00e3o:<\/b> Clara Varginha<\/div>\n","protected":false},"excerpt":{"rendered":"<p>N\u00e3o \u00e9 jornalista quem acredita que a informa\u00e7\u00e3o \u00e9 um bem particular a ser tomado para si e monopolizado pelo discurso ou pelos meios nos quais se propaga. As ferramentas digitais trazem novas possibilidades para a participa\u00e7\u00e3o e pr\u00e1tica de&#8230;<\/p>\n","protected":false},"author":3,"featured_media":0,"comment_status":"open","ping_status":"open","sticky":false,"template":"","format":"standard","meta":{"_monsterinsights_skip_tracking":false,"_monsterinsights_sitenote_active":false,"_monsterinsights_sitenote_note":"","_monsterinsights_sitenote_category":0},"categories":[35,41,55,77],"tags":[],"yoast_head":"<!-- This site is optimized with the Yoast SEO plugin v20.6 - https:\/\/yoast.com\/wordpress\/plugins\/seo\/ -->\n<title>Tecnologias digitais \u2013 o que realmente mudou? - Jornalismo UFSJ<\/title>\n<meta name=\"robots\" content=\"index, follow, max-snippet:-1, max-image-preview:large, max-video-preview:-1\" \/>\n<link rel=\"canonical\" href=\"http:\/\/anu.ufsj.edu.br\/site\/httpschemas-google-comblogger2008kindpost\/tecnologias-digitais-o-que-realmente-mudou\/\" \/>\n<meta property=\"og:locale\" content=\"pt_BR\" \/>\n<meta property=\"og:type\" content=\"article\" \/>\n<meta property=\"og:title\" content=\"Tecnologias digitais \u2013 o que realmente mudou? - Jornalismo UFSJ\" \/>\n<meta property=\"og:description\" content=\"N\u00e3o \u00e9 jornalista quem acredita que a informa\u00e7\u00e3o \u00e9 um bem particular a ser tomado para si e monopolizado pelo discurso ou pelos meios nos quais se propaga. As ferramentas digitais trazem novas possibilidades para a participa\u00e7\u00e3o e pr\u00e1tica de...\" \/>\n<meta property=\"og:url\" content=\"http:\/\/anu.ufsj.edu.br\/site\/httpschemas-google-comblogger2008kindpost\/tecnologias-digitais-o-que-realmente-mudou\/\" \/>\n<meta property=\"og:site_name\" content=\"Jornalismo UFSJ\" \/>\n<meta property=\"article:publisher\" content=\"https:\/\/www.facebook.com\/jornalismoufsj\/\" \/>\n<meta property=\"article:published_time\" content=\"2014-07-29T22:37:00+00:00\" \/>\n<meta property=\"og:image\" content=\"https:\/\/jornalismou.files.wordpress.com\/2014\/07\/3d7c5-observatorio.jpg\" \/>\n<meta name=\"twitter:card\" content=\"summary_large_image\" \/>\n<meta name=\"twitter:creator\" content=\"@jornalismoufsj\" \/>\n<meta name=\"twitter:site\" content=\"@jornalismoufsj\" \/>\n<meta name=\"twitter:label1\" content=\"Escrito por\" \/>\n\t<meta name=\"twitter:data1\" content=\"\" \/>\n\t<meta name=\"twitter:label2\" content=\"Est. tempo de leitura\" \/>\n\t<meta name=\"twitter:data2\" content=\"3 minutos\" \/>\n<script type=\"application\/ld+json\" class=\"yoast-schema-graph\">{\"@context\":\"https:\/\/schema.org\",\"@graph\":[{\"@type\":\"WebPage\",\"@id\":\"http:\/\/anu.ufsj.edu.br\/site\/httpschemas-google-comblogger2008kindpost\/tecnologias-digitais-o-que-realmente-mudou\/\",\"url\":\"http:\/\/anu.ufsj.edu.br\/site\/httpschemas-google-comblogger2008kindpost\/tecnologias-digitais-o-que-realmente-mudou\/\",\"name\":\"Tecnologias digitais \u2013 o que realmente mudou? - Jornalismo UFSJ\",\"isPartOf\":{\"@id\":\"http:\/\/jornalismo.ufsj.edu.br\/site\/#website\"},\"datePublished\":\"2014-07-29T22:37:00+00:00\",\"dateModified\":\"2014-07-29T22:37:00+00:00\",\"author\":{\"@id\":\"\"},\"breadcrumb\":{\"@id\":\"http:\/\/anu.ufsj.edu.br\/site\/httpschemas-google-comblogger2008kindpost\/tecnologias-digitais-o-que-realmente-mudou\/#breadcrumb\"},\"inLanguage\":\"pt-BR\",\"potentialAction\":[{\"@type\":\"ReadAction\",\"target\":[\"http:\/\/anu.ufsj.edu.br\/site\/httpschemas-google-comblogger2008kindpost\/tecnologias-digitais-o-que-realmente-mudou\/\"]}]},{\"@type\":\"BreadcrumbList\",\"@id\":\"http:\/\/anu.ufsj.edu.br\/site\/httpschemas-google-comblogger2008kindpost\/tecnologias-digitais-o-que-realmente-mudou\/#breadcrumb\",\"itemListElement\":[{\"@type\":\"ListItem\",\"position\":1,\"name\":\"In\u00edcio\",\"item\":\"http:\/\/jornalismo.ufsj.edu.br\/site\/\"},{\"@type\":\"ListItem\",\"position\":2,\"name\":\"Tecnologias digitais \u2013 o que realmente mudou?\"}]},{\"@type\":\"WebSite\",\"@id\":\"http:\/\/jornalismo.ufsj.edu.br\/site\/#website\",\"url\":\"http:\/\/jornalismo.ufsj.edu.br\/site\/\",\"name\":\"Jornalismo UFSJ\",\"description\":\"\",\"potentialAction\":[{\"@type\":\"SearchAction\",\"target\":{\"@type\":\"EntryPoint\",\"urlTemplate\":\"http:\/\/jornalismo.ufsj.edu.br\/site\/?s={search_term_string}\"},\"query-input\":\"required name=search_term_string\"}],\"inLanguage\":\"pt-BR\"},{\"@type\":\"Person\",\"@id\":\"\"}]}<\/script>\n<!-- \/ Yoast SEO plugin. -->","yoast_head_json":{"title":"Tecnologias digitais \u2013 o que realmente mudou? - Jornalismo UFSJ","robots":{"index":"index","follow":"follow","max-snippet":"max-snippet:-1","max-image-preview":"max-image-preview:large","max-video-preview":"max-video-preview:-1"},"canonical":"http:\/\/anu.ufsj.edu.br\/site\/httpschemas-google-comblogger2008kindpost\/tecnologias-digitais-o-que-realmente-mudou\/","og_locale":"pt_BR","og_type":"article","og_title":"Tecnologias digitais \u2013 o que realmente mudou? - Jornalismo UFSJ","og_description":"N\u00e3o \u00e9 jornalista quem acredita que a informa\u00e7\u00e3o \u00e9 um bem particular a ser tomado para si e monopolizado pelo discurso ou pelos meios nos quais se propaga. As ferramentas digitais trazem novas possibilidades para a participa\u00e7\u00e3o e pr\u00e1tica de...","og_url":"http:\/\/anu.ufsj.edu.br\/site\/httpschemas-google-comblogger2008kindpost\/tecnologias-digitais-o-que-realmente-mudou\/","og_site_name":"Jornalismo UFSJ","article_publisher":"https:\/\/www.facebook.com\/jornalismoufsj\/","article_published_time":"2014-07-29T22:37:00+00:00","og_image":[{"url":"https:\/\/jornalismou.files.wordpress.com\/2014\/07\/3d7c5-observatorio.jpg"}],"twitter_card":"summary_large_image","twitter_creator":"@jornalismoufsj","twitter_site":"@jornalismoufsj","twitter_misc":{"Escrito por":"","Est. tempo de leitura":"3 minutos"},"schema":{"@context":"https:\/\/schema.org","@graph":[{"@type":"WebPage","@id":"http:\/\/anu.ufsj.edu.br\/site\/httpschemas-google-comblogger2008kindpost\/tecnologias-digitais-o-que-realmente-mudou\/","url":"http:\/\/anu.ufsj.edu.br\/site\/httpschemas-google-comblogger2008kindpost\/tecnologias-digitais-o-que-realmente-mudou\/","name":"Tecnologias digitais \u2013 o que realmente mudou? - Jornalismo UFSJ","isPartOf":{"@id":"http:\/\/jornalismo.ufsj.edu.br\/site\/#website"},"datePublished":"2014-07-29T22:37:00+00:00","dateModified":"2014-07-29T22:37:00+00:00","author":{"@id":""},"breadcrumb":{"@id":"http:\/\/anu.ufsj.edu.br\/site\/httpschemas-google-comblogger2008kindpost\/tecnologias-digitais-o-que-realmente-mudou\/#breadcrumb"},"inLanguage":"pt-BR","potentialAction":[{"@type":"ReadAction","target":["http:\/\/anu.ufsj.edu.br\/site\/httpschemas-google-comblogger2008kindpost\/tecnologias-digitais-o-que-realmente-mudou\/"]}]},{"@type":"BreadcrumbList","@id":"http:\/\/anu.ufsj.edu.br\/site\/httpschemas-google-comblogger2008kindpost\/tecnologias-digitais-o-que-realmente-mudou\/#breadcrumb","itemListElement":[{"@type":"ListItem","position":1,"name":"In\u00edcio","item":"http:\/\/jornalismo.ufsj.edu.br\/site\/"},{"@type":"ListItem","position":2,"name":"Tecnologias digitais \u2013 o que realmente mudou?"}]},{"@type":"WebSite","@id":"http:\/\/jornalismo.ufsj.edu.br\/site\/#website","url":"http:\/\/jornalismo.ufsj.edu.br\/site\/","name":"Jornalismo UFSJ","description":"","potentialAction":[{"@type":"SearchAction","target":{"@type":"EntryPoint","urlTemplate":"http:\/\/jornalismo.ufsj.edu.br\/site\/?s={search_term_string}"},"query-input":"required name=search_term_string"}],"inLanguage":"pt-BR"},{"@type":"Person","@id":""}]}},"jetpack_featured_media_url":"","_links":{"self":[{"href":"http:\/\/anu.ufsj.edu.br\/site\/wp-json\/wp\/v2\/posts\/960"}],"collection":[{"href":"http:\/\/anu.ufsj.edu.br\/site\/wp-json\/wp\/v2\/posts"}],"about":[{"href":"http:\/\/anu.ufsj.edu.br\/site\/wp-json\/wp\/v2\/types\/post"}],"author":[{"embeddable":true,"href":"http:\/\/anu.ufsj.edu.br\/site\/wp-json\/wp\/v2\/users\/3"}],"replies":[{"embeddable":true,"href":"http:\/\/anu.ufsj.edu.br\/site\/wp-json\/wp\/v2\/comments?post=960"}],"version-history":[{"count":0,"href":"http:\/\/anu.ufsj.edu.br\/site\/wp-json\/wp\/v2\/posts\/960\/revisions"}],"wp:attachment":[{"href":"http:\/\/anu.ufsj.edu.br\/site\/wp-json\/wp\/v2\/media?parent=960"}],"wp:term":[{"taxonomy":"category","embeddable":true,"href":"http:\/\/anu.ufsj.edu.br\/site\/wp-json\/wp\/v2\/categories?post=960"},{"taxonomy":"post_tag","embeddable":true,"href":"http:\/\/anu.ufsj.edu.br\/site\/wp-json\/wp\/v2\/tags?post=960"}],"curies":[{"name":"wp","href":"https:\/\/api.w.org\/{rel}","templated":true}]}}