{"id":968,"date":"2014-07-09T18:37:00","date_gmt":"2014-07-09T18:37:00","guid":{"rendered":"http:\/\/jornalismo.ufsj.edu.br\/2014\/07\/09\/vice-presidente-fala-sobre-a-conquista-da-sala-da-mosaico"},"modified":"2014-07-09T18:37:00","modified_gmt":"2014-07-09T18:37:00","slug":"vice-presidente-fala-sobre-a-conquista-da-sala-da-mosaico","status":"publish","type":"post","link":"http:\/\/anu.ufsj.edu.br\/site\/empresa-junior\/vice-presidente-fala-sobre-a-conquista-da-sala-da-mosaico\/","title":{"rendered":"Vice-Presidente fala sobre a conquista da sala da Mosaico"},"content":{"rendered":"<div class=\"separator\" style=\"clear:both;text-align:center;\"><a href=\"https:\/\/jornalismou.files.wordpress.com\/2014\/07\/b787b-mosaico.jpg\" style=\"clear:left;float:left;margin-bottom:1em;margin-right:1em;\"><img loading=\"lazy\" border=\"0\" src=\"https:\/\/jornalismou.files.wordpress.com\/2014\/07\/b787b-mosaico.jpg\" height=\"300\" width=\"400\" \/><\/a><\/div>\n<p>Stephanne Fernandes, vice-presidente da empresa j\u00fanior do curso de Comunica\u00e7\u00e3o,  fala um pouco sobre a import\u00e2ncia da conquista de uma sala para a execu\u00e7\u00e3o das atividades da <b>Mosaico Comunica\u00e7\u00e3o Jr<\/b>.<\/p>\n<p>Confira a entrevista na \u00edntegra no audioslide a seguir:<\/p>\n<p><\/p>\n<div class=\"separator\" style=\"clear:both;text-align:center;\"><a href=\"https:\/\/youtube.googleapis.com\/v\/EuC_DDf3sEg&#038;source=uds\">https:\/\/youtube.googleapis.com\/v\/EuC_DDf3sEg&#038;source=uds<\/a><\/div>\n<div class=\"separator\" style=\"clear:both;text-align:right;\"><\/div>\n<div class=\"separator\" style=\"clear:both;text-align:right;\"><b>Conte\u00fado: <\/b>Thayanne Nascimento<br \/>\u00a0<a href=\"http:\/\/mosaicojr.blogspot.com.br\/\" target=\"_blank\">Mosaico Comunica\u00e7\u00e3o Jr,<\/a><\/div>\n<div class=\"separator\" style=\"clear:both;text-align:right;\"><b>Edi\u00e7\u00e3o: <\/b>Clara Varginha<\/div>\n<p><\/p>\n","protected":false},"excerpt":{"rendered":"<p>Stephanne Fernandes, vice-presidente da empresa j\u00fanior do curso de Comunica\u00e7\u00e3o, fala um pouco sobre a import\u00e2ncia da conquista de uma sala para a execu\u00e7\u00e3o das atividades da Mosaico Comunica\u00e7\u00e3o Jr. Confira a entrevista na \u00edntegra no audioslide a seguir: https:\/\/youtube.googleapis.com\/v\/EuC_DDf3sEg&#038;source=uds&#8230;<\/p>\n","protected":false},"author":3,"featured_media":0,"comment_status":"open","ping_status":"open","sticky":false,"template":"","format":"standard","meta":{"_monsterinsights_skip_tracking":false,"_monsterinsights_sitenote_active":false,"_monsterinsights_sitenote_note":"","_monsterinsights_sitenote_category":0},"categories":[24,43,53],"tags":[],"yoast_head":"<!-- This site is optimized with the Yoast SEO plugin v20.6 - https:\/\/yoast.com\/wordpress\/plugins\/seo\/ -->\n<title>Vice-Presidente fala sobre a conquista da sala da Mosaico - Jornalismo UFSJ<\/title>\n<meta name=\"robots\" content=\"index, follow, max-snippet:-1, max-image-preview:large, max-video-preview:-1\" \/>\n<link rel=\"canonical\" href=\"http:\/\/anu.ufsj.edu.br\/site\/empresa-junior\/vice-presidente-fala-sobre-a-conquista-da-sala-da-mosaico\/\" \/>\n<meta property=\"og:locale\" content=\"pt_BR\" \/>\n<meta property=\"og:type\" content=\"article\" \/>\n<meta property=\"og:title\" content=\"Vice-Presidente fala sobre a conquista da sala da Mosaico - Jornalismo UFSJ\" \/>\n<meta property=\"og:description\" content=\"Stephanne Fernandes, vice-presidente da empresa j\u00fanior do curso de Comunica\u00e7\u00e3o, fala um pouco sobre a import\u00e2ncia da conquista de uma sala para a execu\u00e7\u00e3o das atividades da Mosaico Comunica\u00e7\u00e3o Jr. Confira a entrevista na \u00edntegra no audioslide a seguir: https:\/\/youtube.googleapis.com\/v\/EuC_DDf3sEg&#038;source=uds...\" \/>\n<meta property=\"og:url\" content=\"http:\/\/anu.ufsj.edu.br\/site\/empresa-junior\/vice-presidente-fala-sobre-a-conquista-da-sala-da-mosaico\/\" \/>\n<meta property=\"og:site_name\" content=\"Jornalismo UFSJ\" \/>\n<meta property=\"article:publisher\" content=\"https:\/\/www.facebook.com\/jornalismoufsj\/\" \/>\n<meta property=\"article:published_time\" content=\"2014-07-09T18:37:00+00:00\" \/>\n<meta property=\"og:image\" content=\"https:\/\/jornalismou.files.wordpress.com\/2014\/07\/b787b-mosaico.jpg\" \/>\n<meta name=\"twitter:card\" content=\"summary_large_image\" \/>\n<meta name=\"twitter:creator\" content=\"@jornalismoufsj\" \/>\n<meta name=\"twitter:site\" content=\"@jornalismoufsj\" \/>\n<meta name=\"twitter:label1\" content=\"Escrito por\" \/>\n\t<meta name=\"twitter:data1\" content=\"\" \/>\n<script type=\"application\/ld+json\" class=\"yoast-schema-graph\">{\"@context\":\"https:\/\/schema.org\",\"@graph\":[{\"@type\":\"WebPage\",\"@id\":\"http:\/\/anu.ufsj.edu.br\/site\/empresa-junior\/vice-presidente-fala-sobre-a-conquista-da-sala-da-mosaico\/\",\"url\":\"http:\/\/anu.ufsj.edu.br\/site\/empresa-junior\/vice-presidente-fala-sobre-a-conquista-da-sala-da-mosaico\/\",\"name\":\"Vice-Presidente fala sobre a conquista da sala da Mosaico - Jornalismo UFSJ\",\"isPartOf\":{\"@id\":\"http:\/\/jornalismo.ufsj.edu.br\/site\/#website\"},\"datePublished\":\"2014-07-09T18:37:00+00:00\",\"dateModified\":\"2014-07-09T18:37:00+00:00\",\"author\":{\"@id\":\"\"},\"breadcrumb\":{\"@id\":\"http:\/\/anu.ufsj.edu.br\/site\/empresa-junior\/vice-presidente-fala-sobre-a-conquista-da-sala-da-mosaico\/#breadcrumb\"},\"inLanguage\":\"pt-BR\",\"potentialAction\":[{\"@type\":\"ReadAction\",\"target\":[\"http:\/\/anu.ufsj.edu.br\/site\/empresa-junior\/vice-presidente-fala-sobre-a-conquista-da-sala-da-mosaico\/\"]}]},{\"@type\":\"BreadcrumbList\",\"@id\":\"http:\/\/anu.ufsj.edu.br\/site\/empresa-junior\/vice-presidente-fala-sobre-a-conquista-da-sala-da-mosaico\/#breadcrumb\",\"itemListElement\":[{\"@type\":\"ListItem\",\"position\":1,\"name\":\"In\u00edcio\",\"item\":\"http:\/\/jornalismo.ufsj.edu.br\/site\/\"},{\"@type\":\"ListItem\",\"position\":2,\"name\":\"Vice-Presidente fala sobre a conquista da sala da Mosaico\"}]},{\"@type\":\"WebSite\",\"@id\":\"http:\/\/jornalismo.ufsj.edu.br\/site\/#website\",\"url\":\"http:\/\/jornalismo.ufsj.edu.br\/site\/\",\"name\":\"Jornalismo UFSJ\",\"description\":\"\",\"potentialAction\":[{\"@type\":\"SearchAction\",\"target\":{\"@type\":\"EntryPoint\",\"urlTemplate\":\"http:\/\/jornalismo.ufsj.edu.br\/site\/?s={search_term_string}\"},\"query-input\":\"required name=search_term_string\"}],\"inLanguage\":\"pt-BR\"},{\"@type\":\"Person\",\"@id\":\"\"}]}<\/script>\n<!-- \/ Yoast SEO plugin. -->","yoast_head_json":{"title":"Vice-Presidente fala sobre a conquista da sala da Mosaico - Jornalismo UFSJ","robots":{"index":"index","follow":"follow","max-snippet":"max-snippet:-1","max-image-preview":"max-image-preview:large","max-video-preview":"max-video-preview:-1"},"canonical":"http:\/\/anu.ufsj.edu.br\/site\/empresa-junior\/vice-presidente-fala-sobre-a-conquista-da-sala-da-mosaico\/","og_locale":"pt_BR","og_type":"article","og_title":"Vice-Presidente fala sobre a conquista da sala da Mosaico - Jornalismo UFSJ","og_description":"Stephanne Fernandes, vice-presidente da empresa j\u00fanior do curso de Comunica\u00e7\u00e3o, fala um pouco sobre a import\u00e2ncia da conquista de uma sala para a execu\u00e7\u00e3o das atividades da Mosaico Comunica\u00e7\u00e3o Jr. Confira a entrevista na \u00edntegra no audioslide a seguir: https:\/\/youtube.googleapis.com\/v\/EuC_DDf3sEg&#038;source=uds...","og_url":"http:\/\/anu.ufsj.edu.br\/site\/empresa-junior\/vice-presidente-fala-sobre-a-conquista-da-sala-da-mosaico\/","og_site_name":"Jornalismo UFSJ","article_publisher":"https:\/\/www.facebook.com\/jornalismoufsj\/","article_published_time":"2014-07-09T18:37:00+00:00","og_image":[{"url":"https:\/\/jornalismou.files.wordpress.com\/2014\/07\/b787b-mosaico.jpg"}],"twitter_card":"summary_large_image","twitter_creator":"@jornalismoufsj","twitter_site":"@jornalismoufsj","twitter_misc":{"Escrito por":""},"schema":{"@context":"https:\/\/schema.org","@graph":[{"@type":"WebPage","@id":"http:\/\/anu.ufsj.edu.br\/site\/empresa-junior\/vice-presidente-fala-sobre-a-conquista-da-sala-da-mosaico\/","url":"http:\/\/anu.ufsj.edu.br\/site\/empresa-junior\/vice-presidente-fala-sobre-a-conquista-da-sala-da-mosaico\/","name":"Vice-Presidente fala sobre a conquista da sala da Mosaico - Jornalismo UFSJ","isPartOf":{"@id":"http:\/\/jornalismo.ufsj.edu.br\/site\/#website"},"datePublished":"2014-07-09T18:37:00+00:00","dateModified":"2014-07-09T18:37:00+00:00","author":{"@id":""},"breadcrumb":{"@id":"http:\/\/anu.ufsj.edu.br\/site\/empresa-junior\/vice-presidente-fala-sobre-a-conquista-da-sala-da-mosaico\/#breadcrumb"},"inLanguage":"pt-BR","potentialAction":[{"@type":"ReadAction","target":["http:\/\/anu.ufsj.edu.br\/site\/empresa-junior\/vice-presidente-fala-sobre-a-conquista-da-sala-da-mosaico\/"]}]},{"@type":"BreadcrumbList","@id":"http:\/\/anu.ufsj.edu.br\/site\/empresa-junior\/vice-presidente-fala-sobre-a-conquista-da-sala-da-mosaico\/#breadcrumb","itemListElement":[{"@type":"ListItem","position":1,"name":"In\u00edcio","item":"http:\/\/jornalismo.ufsj.edu.br\/site\/"},{"@type":"ListItem","position":2,"name":"Vice-Presidente fala sobre a conquista da sala da Mosaico"}]},{"@type":"WebSite","@id":"http:\/\/jornalismo.ufsj.edu.br\/site\/#website","url":"http:\/\/jornalismo.ufsj.edu.br\/site\/","name":"Jornalismo UFSJ","description":"","potentialAction":[{"@type":"SearchAction","target":{"@type":"EntryPoint","urlTemplate":"http:\/\/jornalismo.ufsj.edu.br\/site\/?s={search_term_string}"},"query-input":"required name=search_term_string"}],"inLanguage":"pt-BR"},{"@type":"Person","@id":""}]}},"jetpack_featured_media_url":"","_links":{"self":[{"href":"http:\/\/anu.ufsj.edu.br\/site\/wp-json\/wp\/v2\/posts\/968"}],"collection":[{"href":"http:\/\/anu.ufsj.edu.br\/site\/wp-json\/wp\/v2\/posts"}],"about":[{"href":"http:\/\/anu.ufsj.edu.br\/site\/wp-json\/wp\/v2\/types\/post"}],"author":[{"embeddable":true,"href":"http:\/\/anu.ufsj.edu.br\/site\/wp-json\/wp\/v2\/users\/3"}],"replies":[{"embeddable":true,"href":"http:\/\/anu.ufsj.edu.br\/site\/wp-json\/wp\/v2\/comments?post=968"}],"version-history":[{"count":0,"href":"http:\/\/anu.ufsj.edu.br\/site\/wp-json\/wp\/v2\/posts\/968\/revisions"}],"wp:attachment":[{"href":"http:\/\/anu.ufsj.edu.br\/site\/wp-json\/wp\/v2\/media?parent=968"}],"wp:term":[{"taxonomy":"category","embeddable":true,"href":"http:\/\/anu.ufsj.edu.br\/site\/wp-json\/wp\/v2\/categories?post=968"},{"taxonomy":"post_tag","embeddable":true,"href":"http:\/\/anu.ufsj.edu.br\/site\/wp-json\/wp\/v2\/tags?post=968"}],"curies":[{"name":"wp","href":"https:\/\/api.w.org\/{rel}","templated":true}]}}