{"id":970,"date":"2014-07-06T01:19:00","date_gmt":"2014-07-06T01:19:00","guid":{"rendered":"http:\/\/jornalismo.ufsj.edu.br\/2014\/07\/06\/fe-que-se-comunica"},"modified":"2014-07-06T01:19:00","modified_gmt":"2014-07-06T01:19:00","slug":"fe-que-se-comunica","status":"publish","type":"post","link":"http:\/\/anu.ufsj.edu.br\/site\/diocese-sjdr\/fe-que-se-comunica\/","title":{"rendered":"F\u00e9 que se comunica"},"content":{"rendered":"<div class=\"separator\" style=\"clear:both;text-align:center;\"><a href=\"https:\/\/jornalismou.files.wordpress.com\/2014\/07\/a77a4-alisson.jpg\" style=\"clear:left;float:left;margin-bottom:1em;margin-right:1em;\"><img loading=\"lazy\" border=\"0\" src=\"https:\/\/jornalismou.files.wordpress.com\/2014\/07\/a77a4-alisson.jpg\" height=\"386\" width=\"400\" \/><\/a><\/div>\n<p><b>Alisson Reis<\/b>, 28 anos, jornalista rec\u00e9m-formado pela UFSJ, fala um pouco sobre sua rotina e sobre o panorama da Internet para o profissional de jornalismo. Alisson trabalha h\u00e1 um ano como jornalista online para o <a href=\"http:\/\/www.diocesedesaojoaodelrei.com.br\/\" target=\"_blank\">Departamento de Comunica\u00e7\u00e3o da Diocese de S\u00e3o Jo\u00e3o del-Rei<\/a>.<\/p>\n<p>Ele conta que come\u00e7ou fazendo est\u00e1gio e viu no jornalismo online a sua oportunidade para se especializar. \u201cEscolhi jornalismo online porque tive a oportunidade de faz\u00ea-lo primeiro ainda durante a faculdade, quando iniciei como estagi\u00e1rio e hoje sou contratado\u201d, comenta Alisson.<br \/>Pela manh\u00e3, o rec\u00e9m-jornalista verifica e-mails e sonda not\u00edcias em sites e redes sociais das par\u00f3quias da Diocese, a fim de situar-se sobre os acontecimentos religiosos da regi\u00e3o. Depois ele faz uma apura\u00e7\u00e3o para pautas. Em seguida inicia os contatos para elabora\u00e7\u00e3o de mat\u00e9rias que ser\u00e3o publicadas posteriormente no site da Diocese de S\u00e3o Jo\u00e3o del-Rei.<\/p>\n<p>Al\u00e9m do site, Alisson Reis tamb\u00e9m d\u00e1 suporte jornal\u00edstico atrav\u00e9s do Twitter e You Tube. Sobre essas ferramentas \u2013 fundamentais para a informa\u00e7\u00e3o atualmente \u2013 ele comenta: \u201cAs redes sociais <b>ampliam<\/b> a divulga\u00e7\u00e3o dos conte\u00fados e a intera\u00e7\u00e3o com o p\u00fablico, possibilitando o estreitamento dos la\u00e7os de fidelidade com a institui\u00e7\u00e3o\u201d. A Diocese n\u00e3o possui Facebook, por\u00e9m existe um grupo nessa rede social onde os correspondentes das 26 cidades que comp\u00f5e a regi\u00e3o trocam informa\u00e7\u00f5es e sugerem pautas para o site.<\/p>\n<p>Sobre o mercado de trabalho para o profissional de jornalismo online, Alisson disse que \u00e9 um mercado em cont\u00ednua expans\u00e3o, onde o jornalista precisa estar atualizado e atender as expectativas de um p\u00fablico cada vez mais presente na web. \u201cTrabalhar com Jornalismo online \u00e9 estar o tempo todo conectado\u201d, ressalta o jornalista. Ele tamb\u00e9m fala sobre o desafio de se trabalhar com jornalismo online em uma institui\u00e7\u00e3o religiosa: \u201cFazer da mat\u00e9ria jornal\u00edstica um conte\u00fado que n\u00e3o s\u00f3 transmite informa\u00e7\u00e3o, mas tamb\u00e9m que contribui para a <b>forma\u00e7\u00e3o <\/b>religiosa, \u00e9 o maior desafio\u201d.<\/p>\n<div style=\"text-align:right;\"><b>Texto:<\/b> Sthefani Ortiz<\/div>\n<div style=\"text-align:right;\">Helvister Resende<br \/><b>Edi\u00e7\u00e3o:<\/b> Clara Varginha<\/div>\n","protected":false},"excerpt":{"rendered":"<p>Alisson Reis, 28 anos, jornalista rec\u00e9m-formado pela UFSJ, fala um pouco sobre sua rotina e sobre o panorama da Internet para o profissional de jornalismo. Alisson trabalha h\u00e1 um ano como jornalista online para o Departamento de Comunica\u00e7\u00e3o da Diocese&#8230;<\/p>\n","protected":false},"author":3,"featured_media":0,"comment_status":"open","ping_status":"open","sticky":false,"template":"","format":"standard","meta":{"_monsterinsights_skip_tracking":false,"_monsterinsights_sitenote_active":false,"_monsterinsights_sitenote_note":"","_monsterinsights_sitenote_category":0},"categories":[20,69,77],"tags":[],"yoast_head":"<!-- This site is optimized with the Yoast SEO plugin v20.6 - https:\/\/yoast.com\/wordpress\/plugins\/seo\/ -->\n<title>F\u00e9 que se comunica - Jornalismo UFSJ<\/title>\n<meta name=\"robots\" content=\"index, follow, max-snippet:-1, max-image-preview:large, max-video-preview:-1\" \/>\n<link rel=\"canonical\" href=\"http:\/\/anu.ufsj.edu.br\/site\/diocese-sjdr\/fe-que-se-comunica\/\" \/>\n<meta property=\"og:locale\" content=\"pt_BR\" \/>\n<meta property=\"og:type\" content=\"article\" \/>\n<meta property=\"og:title\" content=\"F\u00e9 que se comunica - Jornalismo UFSJ\" \/>\n<meta property=\"og:description\" content=\"Alisson Reis, 28 anos, jornalista rec\u00e9m-formado pela UFSJ, fala um pouco sobre sua rotina e sobre o panorama da Internet para o profissional de jornalismo. Alisson trabalha h\u00e1 um ano como jornalista online para o Departamento de Comunica\u00e7\u00e3o da Diocese...\" \/>\n<meta property=\"og:url\" content=\"http:\/\/anu.ufsj.edu.br\/site\/diocese-sjdr\/fe-que-se-comunica\/\" \/>\n<meta property=\"og:site_name\" content=\"Jornalismo UFSJ\" \/>\n<meta property=\"article:publisher\" content=\"https:\/\/www.facebook.com\/jornalismoufsj\/\" \/>\n<meta property=\"article:published_time\" content=\"2014-07-06T01:19:00+00:00\" \/>\n<meta property=\"og:image\" content=\"https:\/\/jornalismou.files.wordpress.com\/2014\/07\/a77a4-alisson.jpg\" \/>\n<meta name=\"twitter:card\" content=\"summary_large_image\" \/>\n<meta name=\"twitter:creator\" content=\"@jornalismoufsj\" \/>\n<meta name=\"twitter:site\" content=\"@jornalismoufsj\" \/>\n<meta name=\"twitter:label1\" content=\"Escrito por\" \/>\n\t<meta name=\"twitter:data1\" content=\"\" \/>\n\t<meta name=\"twitter:label2\" content=\"Est. tempo de leitura\" \/>\n\t<meta name=\"twitter:data2\" content=\"2 minutos\" \/>\n<script type=\"application\/ld+json\" class=\"yoast-schema-graph\">{\"@context\":\"https:\/\/schema.org\",\"@graph\":[{\"@type\":\"WebPage\",\"@id\":\"http:\/\/anu.ufsj.edu.br\/site\/diocese-sjdr\/fe-que-se-comunica\/\",\"url\":\"http:\/\/anu.ufsj.edu.br\/site\/diocese-sjdr\/fe-que-se-comunica\/\",\"name\":\"F\u00e9 que se comunica - Jornalismo UFSJ\",\"isPartOf\":{\"@id\":\"http:\/\/jornalismo.ufsj.edu.br\/site\/#website\"},\"datePublished\":\"2014-07-06T01:19:00+00:00\",\"dateModified\":\"2014-07-06T01:19:00+00:00\",\"author\":{\"@id\":\"\"},\"breadcrumb\":{\"@id\":\"http:\/\/anu.ufsj.edu.br\/site\/diocese-sjdr\/fe-que-se-comunica\/#breadcrumb\"},\"inLanguage\":\"pt-BR\",\"potentialAction\":[{\"@type\":\"ReadAction\",\"target\":[\"http:\/\/anu.ufsj.edu.br\/site\/diocese-sjdr\/fe-que-se-comunica\/\"]}]},{\"@type\":\"BreadcrumbList\",\"@id\":\"http:\/\/anu.ufsj.edu.br\/site\/diocese-sjdr\/fe-que-se-comunica\/#breadcrumb\",\"itemListElement\":[{\"@type\":\"ListItem\",\"position\":1,\"name\":\"In\u00edcio\",\"item\":\"http:\/\/jornalismo.ufsj.edu.br\/site\/\"},{\"@type\":\"ListItem\",\"position\":2,\"name\":\"F\u00e9 que se comunica\"}]},{\"@type\":\"WebSite\",\"@id\":\"http:\/\/jornalismo.ufsj.edu.br\/site\/#website\",\"url\":\"http:\/\/jornalismo.ufsj.edu.br\/site\/\",\"name\":\"Jornalismo UFSJ\",\"description\":\"\",\"potentialAction\":[{\"@type\":\"SearchAction\",\"target\":{\"@type\":\"EntryPoint\",\"urlTemplate\":\"http:\/\/jornalismo.ufsj.edu.br\/site\/?s={search_term_string}\"},\"query-input\":\"required name=search_term_string\"}],\"inLanguage\":\"pt-BR\"},{\"@type\":\"Person\",\"@id\":\"\"}]}<\/script>\n<!-- \/ Yoast SEO plugin. -->","yoast_head_json":{"title":"F\u00e9 que se comunica - Jornalismo UFSJ","robots":{"index":"index","follow":"follow","max-snippet":"max-snippet:-1","max-image-preview":"max-image-preview:large","max-video-preview":"max-video-preview:-1"},"canonical":"http:\/\/anu.ufsj.edu.br\/site\/diocese-sjdr\/fe-que-se-comunica\/","og_locale":"pt_BR","og_type":"article","og_title":"F\u00e9 que se comunica - Jornalismo UFSJ","og_description":"Alisson Reis, 28 anos, jornalista rec\u00e9m-formado pela UFSJ, fala um pouco sobre sua rotina e sobre o panorama da Internet para o profissional de jornalismo. Alisson trabalha h\u00e1 um ano como jornalista online para o Departamento de Comunica\u00e7\u00e3o da Diocese...","og_url":"http:\/\/anu.ufsj.edu.br\/site\/diocese-sjdr\/fe-que-se-comunica\/","og_site_name":"Jornalismo UFSJ","article_publisher":"https:\/\/www.facebook.com\/jornalismoufsj\/","article_published_time":"2014-07-06T01:19:00+00:00","og_image":[{"url":"https:\/\/jornalismou.files.wordpress.com\/2014\/07\/a77a4-alisson.jpg"}],"twitter_card":"summary_large_image","twitter_creator":"@jornalismoufsj","twitter_site":"@jornalismoufsj","twitter_misc":{"Escrito por":"","Est. tempo de leitura":"2 minutos"},"schema":{"@context":"https:\/\/schema.org","@graph":[{"@type":"WebPage","@id":"http:\/\/anu.ufsj.edu.br\/site\/diocese-sjdr\/fe-que-se-comunica\/","url":"http:\/\/anu.ufsj.edu.br\/site\/diocese-sjdr\/fe-que-se-comunica\/","name":"F\u00e9 que se comunica - Jornalismo UFSJ","isPartOf":{"@id":"http:\/\/jornalismo.ufsj.edu.br\/site\/#website"},"datePublished":"2014-07-06T01:19:00+00:00","dateModified":"2014-07-06T01:19:00+00:00","author":{"@id":""},"breadcrumb":{"@id":"http:\/\/anu.ufsj.edu.br\/site\/diocese-sjdr\/fe-que-se-comunica\/#breadcrumb"},"inLanguage":"pt-BR","potentialAction":[{"@type":"ReadAction","target":["http:\/\/anu.ufsj.edu.br\/site\/diocese-sjdr\/fe-que-se-comunica\/"]}]},{"@type":"BreadcrumbList","@id":"http:\/\/anu.ufsj.edu.br\/site\/diocese-sjdr\/fe-que-se-comunica\/#breadcrumb","itemListElement":[{"@type":"ListItem","position":1,"name":"In\u00edcio","item":"http:\/\/jornalismo.ufsj.edu.br\/site\/"},{"@type":"ListItem","position":2,"name":"F\u00e9 que se comunica"}]},{"@type":"WebSite","@id":"http:\/\/jornalismo.ufsj.edu.br\/site\/#website","url":"http:\/\/jornalismo.ufsj.edu.br\/site\/","name":"Jornalismo UFSJ","description":"","potentialAction":[{"@type":"SearchAction","target":{"@type":"EntryPoint","urlTemplate":"http:\/\/jornalismo.ufsj.edu.br\/site\/?s={search_term_string}"},"query-input":"required name=search_term_string"}],"inLanguage":"pt-BR"},{"@type":"Person","@id":""}]}},"jetpack_featured_media_url":"","_links":{"self":[{"href":"http:\/\/anu.ufsj.edu.br\/site\/wp-json\/wp\/v2\/posts\/970"}],"collection":[{"href":"http:\/\/anu.ufsj.edu.br\/site\/wp-json\/wp\/v2\/posts"}],"about":[{"href":"http:\/\/anu.ufsj.edu.br\/site\/wp-json\/wp\/v2\/types\/post"}],"author":[{"embeddable":true,"href":"http:\/\/anu.ufsj.edu.br\/site\/wp-json\/wp\/v2\/users\/3"}],"replies":[{"embeddable":true,"href":"http:\/\/anu.ufsj.edu.br\/site\/wp-json\/wp\/v2\/comments?post=970"}],"version-history":[{"count":0,"href":"http:\/\/anu.ufsj.edu.br\/site\/wp-json\/wp\/v2\/posts\/970\/revisions"}],"wp:attachment":[{"href":"http:\/\/anu.ufsj.edu.br\/site\/wp-json\/wp\/v2\/media?parent=970"}],"wp:term":[{"taxonomy":"category","embeddable":true,"href":"http:\/\/anu.ufsj.edu.br\/site\/wp-json\/wp\/v2\/categories?post=970"},{"taxonomy":"post_tag","embeddable":true,"href":"http:\/\/anu.ufsj.edu.br\/site\/wp-json\/wp\/v2\/tags?post=970"}],"curies":[{"name":"wp","href":"https:\/\/api.w.org\/{rel}","templated":true}]}}