{"id":978,"date":"2014-07-03T17:21:00","date_gmt":"2014-07-03T17:21:00","guid":{"rendered":"http:\/\/jornalismo.ufsj.edu.br\/2014\/07\/03\/webjornalismo-rotina-cheia-e-atualizacao-constante"},"modified":"2014-07-03T17:21:00","modified_gmt":"2014-07-03T17:21:00","slug":"webjornalismo-rotina-cheia-e-atualizacao-constante","status":"publish","type":"post","link":"http:\/\/anu.ufsj.edu.br\/site\/jornal-primeira-pagina\/webjornalismo-rotina-cheia-e-atualizacao-constante\/","title":{"rendered":"Webjornalismo: rotina cheia e atualiza\u00e7\u00e3o constante"},"content":{"rendered":"<div class=\"separator\" style=\"clear:both;text-align:center;\"><a href=\"https:\/\/jornalismou.files.wordpress.com\/2014\/07\/14ef6-rhonan-moreira-neto.jpg\" style=\"clear:left;float:left;margin-bottom:1em;margin-right:1em;\"><img loading=\"lazy\" border=\"0\" src=\"https:\/\/jornalismou.files.wordpress.com\/2014\/07\/14ef6-rhonan-moreira-neto.jpg\" height=\"400\" width=\"365\" \/><\/a><\/div>\n<p><b>Rhonan Moreira Neto<\/b> \u00e9 jornalista, assessor de comunica\u00e7\u00e3o, social media e publicit\u00e1rio. Graduado em   Comunica\u00e7\u00e3o Social pela UFSJ, atua como s\u00f3cio no portal de not\u00edcias <a href=\"http:\/\/www.xn--jornalprimeirapgina-4ub.com\/\" target=\"_blank\">Jornal Primeira P\u00e1gina<\/a>\u00a0com o tamb\u00e9m jornalista Wanderson Nascimento.  A seguir, o jornalista conta um pouco sobre a sua rotina de trabalho e quais principais caracter\u00edsticas e desafios presentes no jornalismo online.<\/p>\n<p><b>Porque optou em trabalhar no meio online?\u00a0<\/b><br \/><b>Rhonan:<\/b> Acho que atualmente trabalhar no meio online n\u00e3o \u00e9 uma op\u00e7\u00e3o. \u00c9 uma necessidade. Muitas pessoas perderam o h\u00e1bito da leitura em impressos. Os novos leitores nem mesmo conhecem direito os jornais e revistas em papel. Tudo est\u00e1 online e a facilidade de acesso, atrav\u00e9s de computadores, celulares e tablets, torna esse tipo de comunica\u00e7\u00e3o mais que essencial. Al\u00e9m disso, a plataforma virtual possibilita um jornalismo mais integrado, com texto, fotos, \u00e1udios e v\u00eddeos, tudo em uma \u00fanica not\u00edcia.<\/p>\n<p><b>Como \u00e9 sua rotina de trabalho?\u00a0<\/b><br \/><b>Rh: <\/b>\u00c9 muito corrida, mas eu gosto demais. \u00c9 apaixonante. Digamos que minha rotina di\u00e1ria come\u00e7a \u00e0 noite, que \u00e9 quando preparo o jornalismo para a r\u00e1dio, no dia seguinte. Ent\u00e3o, \u00e0 noite, acesso a internet e fa\u00e7o uma varredura por mais de 40 sites para preparar um programa de 1 hora de dura\u00e7\u00e3o. Neste meio tempo, vou produzindo os conte\u00fados pr\u00f3prios e postando no site do jornal. Ent\u00e3o, no dia seguinte, apresento o jornal \u00e0s 11h. Tamb\u00e9m fa\u00e7o as coberturas espor\u00e1dicas durante o dia, de acordo com a demanda. Alguns telefonemas ajudam na hora de saber se h\u00e1 alguma novidade para noticiar. Al\u00e9m disso, fico revirando o Facebook em busca de pautas. Em uma cidade do interior, com pouco mais de 20 mil habitantes, as <b>redes sociais<\/b> s\u00e3o grandes fontes de informa\u00e7\u00e3o. J\u00e1 fiz grandes reportagens a partir de um \u00fanico post, foto ou coment\u00e1rio identificado no Facebook. O desafio \u00e9 construir a not\u00edcia, de onde menos se espera.<\/p>\n<p><b>Voc\u00ea atua em outros segmentos do jornalismo? Qual a principal diferen\u00e7a entre eles e o jornalismo online?\u00a0<\/b><br \/><b>Rh: <\/b>Atuo sim. Sou assessor de comunica\u00e7\u00e3o na Associa\u00e7\u00e3o Comercial, Industrial, Agropecu\u00e1ria e de Servi\u00e7os de Barroso. Al\u00e9m disso, trabalho como publicit\u00e1rio em um grupo de drogarias e fa\u00e7o alguns freelas como social media. Sou jornalista da R\u00e1dio Liberdade FM em Barroso, onde tenho um programa de jornalismo di\u00e1rio. Tamb\u00e9m tenho alguns projetos paralelos nas \u00e1reas de webdocument\u00e1rio, fotografia e publieditorial. E sou s\u00f3cio do Jornal Primeira P\u00e1gina, impresso que me possibilita estar, tamb\u00e9m, no meio online, atrav\u00e9s do site de not\u00edcias jornalprimeirap\u00e1gina.com, presente tamb\u00e9m no Facebook.<\/p>\n<p><b>Voc\u00ea acha que um bom design para o meio online \u00e9 importante?\u00a0<\/b><br \/><b>Rh:<\/b> \u00c9 fundamental. E \u00e9 o grande desafio: tornar a leitura o mais agrad\u00e1vel poss\u00edvel, usando de artif\u00edcios para chamar a aten\u00e7\u00e3o do leitor. Um layout limpo, sem muitas frescuras, al\u00e9m de boas fotos, uma boa combina\u00e7\u00e3o de cores e uma padroniza\u00e7\u00e3o das postagens garantem a <b>fideliza\u00e7\u00e3o<\/b> do p\u00fablico.<\/p>\n<p><b>Que estrat\u00e9gias voc\u00ea utiliza para angariar visibilidade para o seu trabalho?\u00a0<\/b><br \/><b>Rh:<\/b> Uso muitas. Desde o r\u00e1dio at\u00e9 o Facebook, com o compartilhamento dos conte\u00fados. Minha timeline no Facebook \u00e9 bem cheia das not\u00edcias que produzimos. Al\u00e9m disso, estar diariamente nos eventos, fazendo o corpo a corpo com o p\u00fablico, gera credibilidade e proporciona mais <b>aproxima\u00e7\u00e3o<\/b> com os leitores. Adoro estar no meio das pessoas, conversando, conhecendo mais e identificando pautas interessantes para produzir reportagens de relev\u00e2ncia. Jornalismo \u00e9 isso: estar onde a not\u00edcia acontece.<\/p>\n<p><b>Voc\u00ea acredita na substitui\u00e7\u00e3o definitiva do jornalismo impresso pelo jornalismo para web?\u00a0<\/b><br \/><b>Rh: <\/b>N\u00e3o acredito que o jornal impresso v\u00e1 acabar, mas as coisas pela internet t\u00eam um poder muito grande. O charme de se abrir um jornal impresso no domingo de manh\u00e3, com uma x\u00edcara de caf\u00e9, e ler as not\u00edcias n\u00e3o tem pre\u00e7o. Odeio ler nas telas. Leio porque \u00e9 necess\u00e1rio e pr\u00e1tico. Por exemplo, n\u00e3o tenho nenhum e-book comprado. Fa\u00e7o download dos gratuitos e que s\u00e3o \u00fateis tecnicamente, para estudos e trabalhos. Os que me d\u00e3o prazer fa\u00e7o quest\u00e3o de compr\u00e1-los em papel impresso. E acho que muita gente pensa assim, principalmente em rela\u00e7\u00e3o ao jornal. Ent\u00e3o, acho que o jornal n\u00e3o vai acabar s\u00f3 por causa do advento da internet. Acho que s\u00f3 acaba mesmo se o papel acabar tamb\u00e9m.<\/p>\n<div style=\"text-align:right;\"><b>Texto:<\/b> Isabela Mesquita<\/div>\n<div style=\"text-align:right;\">Douglas Batista Gon\u00e7alves<\/div>\n<div style=\"text-align:right;\"><b>Edi\u00e7\u00e3o:<\/b> Clara Varginha<\/div>\n","protected":false},"excerpt":{"rendered":"<p>Rhonan Moreira Neto \u00e9 jornalista, assessor de comunica\u00e7\u00e3o, social media e publicit\u00e1rio. Graduado em Comunica\u00e7\u00e3o Social pela UFSJ, atua como s\u00f3cio no portal de not\u00edcias Jornal Primeira P\u00e1gina\u00a0com o tamb\u00e9m jornalista Wanderson Nascimento. A seguir, o jornalista conta um pouco&#8230;<\/p>\n","protected":false},"author":3,"featured_media":0,"comment_status":"open","ping_status":"open","sticky":false,"template":"","format":"standard","meta":{"_monsterinsights_skip_tracking":false,"_monsterinsights_sitenote_active":false,"_monsterinsights_sitenote_note":"","_monsterinsights_sitenote_category":0},"categories":[40,73,77],"tags":[],"yoast_head":"<!-- This site is optimized with the Yoast SEO plugin v20.6 - https:\/\/yoast.com\/wordpress\/plugins\/seo\/ -->\n<title>Webjornalismo: rotina cheia e atualiza\u00e7\u00e3o constante - Jornalismo UFSJ<\/title>\n<meta name=\"robots\" content=\"index, follow, max-snippet:-1, max-image-preview:large, max-video-preview:-1\" \/>\n<link rel=\"canonical\" href=\"http:\/\/anu.ufsj.edu.br\/site\/jornal-primeira-pagina\/webjornalismo-rotina-cheia-e-atualizacao-constante\/\" \/>\n<meta property=\"og:locale\" content=\"pt_BR\" \/>\n<meta property=\"og:type\" content=\"article\" \/>\n<meta property=\"og:title\" content=\"Webjornalismo: rotina cheia e atualiza\u00e7\u00e3o constante - Jornalismo UFSJ\" \/>\n<meta property=\"og:description\" content=\"Rhonan Moreira Neto \u00e9 jornalista, assessor de comunica\u00e7\u00e3o, social media e publicit\u00e1rio. Graduado em Comunica\u00e7\u00e3o Social pela UFSJ, atua como s\u00f3cio no portal de not\u00edcias Jornal Primeira P\u00e1gina\u00a0com o tamb\u00e9m jornalista Wanderson Nascimento. A seguir, o jornalista conta um pouco...\" \/>\n<meta property=\"og:url\" content=\"http:\/\/anu.ufsj.edu.br\/site\/jornal-primeira-pagina\/webjornalismo-rotina-cheia-e-atualizacao-constante\/\" \/>\n<meta property=\"og:site_name\" content=\"Jornalismo UFSJ\" \/>\n<meta property=\"article:publisher\" content=\"https:\/\/www.facebook.com\/jornalismoufsj\/\" \/>\n<meta property=\"article:published_time\" content=\"2014-07-03T17:21:00+00:00\" \/>\n<meta property=\"og:image\" content=\"https:\/\/jornalismou.files.wordpress.com\/2014\/07\/14ef6-rhonan-moreira-neto.jpg\" \/>\n<meta name=\"twitter:card\" content=\"summary_large_image\" \/>\n<meta name=\"twitter:creator\" content=\"@jornalismoufsj\" \/>\n<meta name=\"twitter:site\" content=\"@jornalismoufsj\" \/>\n<meta name=\"twitter:label1\" content=\"Escrito por\" \/>\n\t<meta name=\"twitter:data1\" content=\"\" \/>\n\t<meta name=\"twitter:label2\" content=\"Est. tempo de leitura\" \/>\n\t<meta name=\"twitter:data2\" content=\"4 minutos\" \/>\n<script type=\"application\/ld+json\" class=\"yoast-schema-graph\">{\"@context\":\"https:\/\/schema.org\",\"@graph\":[{\"@type\":\"WebPage\",\"@id\":\"http:\/\/anu.ufsj.edu.br\/site\/jornal-primeira-pagina\/webjornalismo-rotina-cheia-e-atualizacao-constante\/\",\"url\":\"http:\/\/anu.ufsj.edu.br\/site\/jornal-primeira-pagina\/webjornalismo-rotina-cheia-e-atualizacao-constante\/\",\"name\":\"Webjornalismo: rotina cheia e atualiza\u00e7\u00e3o constante - Jornalismo UFSJ\",\"isPartOf\":{\"@id\":\"http:\/\/jornalismo.ufsj.edu.br\/site\/#website\"},\"datePublished\":\"2014-07-03T17:21:00+00:00\",\"dateModified\":\"2014-07-03T17:21:00+00:00\",\"author\":{\"@id\":\"\"},\"breadcrumb\":{\"@id\":\"http:\/\/anu.ufsj.edu.br\/site\/jornal-primeira-pagina\/webjornalismo-rotina-cheia-e-atualizacao-constante\/#breadcrumb\"},\"inLanguage\":\"pt-BR\",\"potentialAction\":[{\"@type\":\"ReadAction\",\"target\":[\"http:\/\/anu.ufsj.edu.br\/site\/jornal-primeira-pagina\/webjornalismo-rotina-cheia-e-atualizacao-constante\/\"]}]},{\"@type\":\"BreadcrumbList\",\"@id\":\"http:\/\/anu.ufsj.edu.br\/site\/jornal-primeira-pagina\/webjornalismo-rotina-cheia-e-atualizacao-constante\/#breadcrumb\",\"itemListElement\":[{\"@type\":\"ListItem\",\"position\":1,\"name\":\"In\u00edcio\",\"item\":\"http:\/\/jornalismo.ufsj.edu.br\/site\/\"},{\"@type\":\"ListItem\",\"position\":2,\"name\":\"Webjornalismo: rotina cheia e atualiza\u00e7\u00e3o constante\"}]},{\"@type\":\"WebSite\",\"@id\":\"http:\/\/jornalismo.ufsj.edu.br\/site\/#website\",\"url\":\"http:\/\/jornalismo.ufsj.edu.br\/site\/\",\"name\":\"Jornalismo UFSJ\",\"description\":\"\",\"potentialAction\":[{\"@type\":\"SearchAction\",\"target\":{\"@type\":\"EntryPoint\",\"urlTemplate\":\"http:\/\/jornalismo.ufsj.edu.br\/site\/?s={search_term_string}\"},\"query-input\":\"required name=search_term_string\"}],\"inLanguage\":\"pt-BR\"},{\"@type\":\"Person\",\"@id\":\"\"}]}<\/script>\n<!-- \/ Yoast SEO plugin. -->","yoast_head_json":{"title":"Webjornalismo: rotina cheia e atualiza\u00e7\u00e3o constante - Jornalismo UFSJ","robots":{"index":"index","follow":"follow","max-snippet":"max-snippet:-1","max-image-preview":"max-image-preview:large","max-video-preview":"max-video-preview:-1"},"canonical":"http:\/\/anu.ufsj.edu.br\/site\/jornal-primeira-pagina\/webjornalismo-rotina-cheia-e-atualizacao-constante\/","og_locale":"pt_BR","og_type":"article","og_title":"Webjornalismo: rotina cheia e atualiza\u00e7\u00e3o constante - Jornalismo UFSJ","og_description":"Rhonan Moreira Neto \u00e9 jornalista, assessor de comunica\u00e7\u00e3o, social media e publicit\u00e1rio. Graduado em Comunica\u00e7\u00e3o Social pela UFSJ, atua como s\u00f3cio no portal de not\u00edcias Jornal Primeira P\u00e1gina\u00a0com o tamb\u00e9m jornalista Wanderson Nascimento. A seguir, o jornalista conta um pouco...","og_url":"http:\/\/anu.ufsj.edu.br\/site\/jornal-primeira-pagina\/webjornalismo-rotina-cheia-e-atualizacao-constante\/","og_site_name":"Jornalismo UFSJ","article_publisher":"https:\/\/www.facebook.com\/jornalismoufsj\/","article_published_time":"2014-07-03T17:21:00+00:00","og_image":[{"url":"https:\/\/jornalismou.files.wordpress.com\/2014\/07\/14ef6-rhonan-moreira-neto.jpg"}],"twitter_card":"summary_large_image","twitter_creator":"@jornalismoufsj","twitter_site":"@jornalismoufsj","twitter_misc":{"Escrito por":"","Est. tempo de leitura":"4 minutos"},"schema":{"@context":"https:\/\/schema.org","@graph":[{"@type":"WebPage","@id":"http:\/\/anu.ufsj.edu.br\/site\/jornal-primeira-pagina\/webjornalismo-rotina-cheia-e-atualizacao-constante\/","url":"http:\/\/anu.ufsj.edu.br\/site\/jornal-primeira-pagina\/webjornalismo-rotina-cheia-e-atualizacao-constante\/","name":"Webjornalismo: rotina cheia e atualiza\u00e7\u00e3o constante - Jornalismo UFSJ","isPartOf":{"@id":"http:\/\/jornalismo.ufsj.edu.br\/site\/#website"},"datePublished":"2014-07-03T17:21:00+00:00","dateModified":"2014-07-03T17:21:00+00:00","author":{"@id":""},"breadcrumb":{"@id":"http:\/\/anu.ufsj.edu.br\/site\/jornal-primeira-pagina\/webjornalismo-rotina-cheia-e-atualizacao-constante\/#breadcrumb"},"inLanguage":"pt-BR","potentialAction":[{"@type":"ReadAction","target":["http:\/\/anu.ufsj.edu.br\/site\/jornal-primeira-pagina\/webjornalismo-rotina-cheia-e-atualizacao-constante\/"]}]},{"@type":"BreadcrumbList","@id":"http:\/\/anu.ufsj.edu.br\/site\/jornal-primeira-pagina\/webjornalismo-rotina-cheia-e-atualizacao-constante\/#breadcrumb","itemListElement":[{"@type":"ListItem","position":1,"name":"In\u00edcio","item":"http:\/\/jornalismo.ufsj.edu.br\/site\/"},{"@type":"ListItem","position":2,"name":"Webjornalismo: rotina cheia e atualiza\u00e7\u00e3o constante"}]},{"@type":"WebSite","@id":"http:\/\/jornalismo.ufsj.edu.br\/site\/#website","url":"http:\/\/jornalismo.ufsj.edu.br\/site\/","name":"Jornalismo UFSJ","description":"","potentialAction":[{"@type":"SearchAction","target":{"@type":"EntryPoint","urlTemplate":"http:\/\/jornalismo.ufsj.edu.br\/site\/?s={search_term_string}"},"query-input":"required name=search_term_string"}],"inLanguage":"pt-BR"},{"@type":"Person","@id":""}]}},"jetpack_featured_media_url":"","_links":{"self":[{"href":"http:\/\/anu.ufsj.edu.br\/site\/wp-json\/wp\/v2\/posts\/978"}],"collection":[{"href":"http:\/\/anu.ufsj.edu.br\/site\/wp-json\/wp\/v2\/posts"}],"about":[{"href":"http:\/\/anu.ufsj.edu.br\/site\/wp-json\/wp\/v2\/types\/post"}],"author":[{"embeddable":true,"href":"http:\/\/anu.ufsj.edu.br\/site\/wp-json\/wp\/v2\/users\/3"}],"replies":[{"embeddable":true,"href":"http:\/\/anu.ufsj.edu.br\/site\/wp-json\/wp\/v2\/comments?post=978"}],"version-history":[{"count":0,"href":"http:\/\/anu.ufsj.edu.br\/site\/wp-json\/wp\/v2\/posts\/978\/revisions"}],"wp:attachment":[{"href":"http:\/\/anu.ufsj.edu.br\/site\/wp-json\/wp\/v2\/media?parent=978"}],"wp:term":[{"taxonomy":"category","embeddable":true,"href":"http:\/\/anu.ufsj.edu.br\/site\/wp-json\/wp\/v2\/categories?post=978"},{"taxonomy":"post_tag","embeddable":true,"href":"http:\/\/anu.ufsj.edu.br\/site\/wp-json\/wp\/v2\/tags?post=978"}],"curies":[{"name":"wp","href":"https:\/\/api.w.org\/{rel}","templated":true}]}}