{"id":979,"date":"2014-07-02T15:02:00","date_gmt":"2014-07-02T15:02:00","guid":{"rendered":"http:\/\/jornalismo.ufsj.edu.br\/2014\/07\/02\/ex-aluno-comenta-tendencias-e-a-funcao-do-jornalista-na-rede"},"modified":"2014-07-02T15:02:00","modified_gmt":"2014-07-02T15:02:00","slug":"ex-aluno-comenta-tendencias-e-a-funcao-do-jornalista-na-rede","status":"publish","type":"post","link":"http:\/\/anu.ufsj.edu.br\/site\/acessa-com\/ex-aluno-comenta-tendencias-e-a-funcao-do-jornalista-na-rede\/","title":{"rendered":"Ex-aluno comenta tend\u00eancias e a fun\u00e7\u00e3o do jornalista na rede"},"content":{"rendered":"<div class=\"separator\" style=\"clear:both;text-align:center;\"><a href=\"https:\/\/jornalismou.files.wordpress.com\/2014\/07\/f31e2-eduardo-maia.jpg\" style=\"clear:left;float:left;margin-bottom:1em;margin-right:1em;\"><img loading=\"lazy\" border=\"0\" src=\"https:\/\/jornalismou.files.wordpress.com\/2014\/07\/f31e2-eduardo-maia.jpg\" height=\"300\" width=\"400\" \/><\/a><\/div>\n<blockquote class=\"tr_bq\"><p>Natural da cidade de Entre Rios de Minas e ex aluno do curso de Comunica\u00e7\u00e3o Social da UFSJ, <b>Eduardo Maia<\/b> reside atualmente em Juiz de Fora. Aluno da primeira turma, foi um dos fundadores da <a href=\"http:\/\/www.vanufsj.jor.br\/\" target=\"_blank\">VAN<\/a>, projeto de extens\u00e3o do curso. Hoje atua como rep\u00f3rter no portal <a href=\"http:\/\/www.acessa.com\/\" target=\"_blank\">Acessa.com<\/a>, site cuja proposta se baseia em oferecer informa\u00e7\u00f5es, cultura, lazer, presta\u00e7\u00e3o de servi\u00e7os, dentre outros conte\u00fados.\u2028 Em entrevista, Eduardo conversou sobre o est\u00e1gio atual do jornalismo on-line, os desafios na produ\u00e7\u00e3o de mat\u00e9rias e suas expectativas para o futuro da profiss\u00e3o. Confira abaixo a \u00edntegra desse bate-papo.\u00a0<\/p><\/blockquote>\n<p><b>Como foi a chegada \u00e0 esse trabalho no Portal Acessa.com e como \u00e9 a rotina de trabalho enquanto rep\u00f3rter? Voc\u00eas trabalham com jornal impresso ou s\u00f3 com jornal on-line?\u00a0<\/b><br \/>Fui informado sobre a vaga no portal, em Juiz de Fora, na \u00e9poca ainda residia em minha cidade, Entre Rios. Havia acabado de terminar um est\u00e1gio em uma grande empresa e concluir meu curso. Enviei meu curr\u00edculo, que foi bem avaliado e fui chamado para a entrevista. O meu trabalho \u00e9 pautado tanto pela cobertura e divulga\u00e7\u00e3o dos fatos e eventos locais, bem como a transmiss\u00e3o de conte\u00fado produzido pelas ag\u00eancias Minas e Brasil, que dizem respeito aos programas, leis, oportunidades que<b> interessam<\/b> e<b> impactam<\/b> a vida de nossos leitores.  Nosso trabalho \u00e9 apenas no online, em um portal que tem mais de 10 anos e \u00e9 o pioneiro de Juiz de Fora.<\/p>\n<p><b>Voc\u00eas enxergam um confronto entre m\u00eddia impressa e m\u00eddia on-line? Se sim, o que motiva esse confronto?<\/b><br \/>N\u00e3o acredito que haja um confronto. H\u00e1<b> p\u00fablicos diferentes<\/b>. E as empresas v\u00eam se adaptando a este cen\u00e1rio. Vejamos, por exemplo, o caso do jornal Tribuna de Minas, tamb\u00e9m de Juiz de Fora, como tamb\u00e9m ve\u00edculos de abrang\u00eancia nacional, como a Folha ou O Globo que usam da rede como forma de acelerar a transmiss\u00e3o das informa\u00e7\u00f5es e utiliza\u00e7\u00e3o de recursos que n\u00e3o s\u00e3o poss\u00edveis de inserir no impresso, mas que, no dia seguinte, veiculam conte\u00fado em papel, \u00e0s vezes at\u00e9 de forma mais completa e anal\u00edtica. E eu acho que \u00e9 por a\u00ed. O impresso traz conte\u00fado mais anal\u00edtico, mais apurado, aquilo que o jornalista apura o dia todo na reda\u00e7\u00e3o, acrescentado, em determinados casos, de vieses diferentes da informa\u00e7\u00e3o, dados, gr\u00e1ficos. Pelo fato de ser mais din\u00e2mico e imediato, o jornalismo online muitas vezes busca publicar o conte\u00fado em tempo recorde e isso n\u00e3o permite que a apura\u00e7\u00e3o seja mais detalhista, e sim um informe a partir de um panorama mais geral.<\/p>\n<p><b>Na sua vis\u00e3o, o jornalismo on-line pode decretar o fim do jornalismo impresso?\u00a0<\/b><br \/>Acredito que n\u00e3o. Como j\u00e1 disse, h\u00e1 p\u00fablicos distintos e que preferem se informar a partir do ve\u00edculo de seu gosto. Obviamente pode haver uma queda de tiragem dos jornais, mas dizer que ser extinto, eu acredito que n\u00e3o seja a melhor defini\u00e7\u00e3o. Como eu disse, h\u00e1 um processo de adapta\u00e7\u00e3o das empresas de maneira a contemplar os dois p\u00fablicos. O Globo, por exemplo, criou um novo sistema de trabalho, em que os jornalistas chegam mais cedo \u00e0 reda\u00e7\u00e3o e j\u00e1 tra\u00e7am toda a rotina di\u00e1ria do jornal. Nas primeiras horas do dia, a informa\u00e7\u00e3o \u00e9 dada no site a partir de uma apura\u00e7\u00e3o preliminar e, ao longo do dia, o conte\u00fado vai sendo atualizado a ponto de se tornar uma verdadeira reportagem, que \u00e9 a que vai para o jornal no dia seguinte. Ou seja, s\u00e3o v\u00e1rias <b>atualiza\u00e7\u00f5es<\/b>, acr\u00e9scimos de informa\u00e7\u00e3o e an\u00e1lise de forma a publicizar o trabalho do jornalista ao longo do dia e manter o leitor informado minuto a minuto.<\/p>\n<p><b>Quais as maiores dificuldades de produzir jornalismo fora dos grandes centros?\u00a0<\/b><br \/>A maior dificuldade est\u00e1 relacionada \u00e0s quest\u00f5es que dizem respeito, principalmente, \u00e0 cobertura pol\u00edtica e esportiva. Nos grandes centros se concentram sedes dos poderes estadual e federal, e tamb\u00e9m os grandes clubes. Mas \u00e9 poss\u00edvel sim fazer um bom jornalismo no interior, cuidando de temas que dizem respeito \u00e0 vida da popula\u00e7\u00e3o, que n\u00e3o s\u00e3o poucos, e, a partir do nosso trabalho, refor\u00e7ar a<b> identidade <\/b>da cidade, faz\u00ea-la se ver naquele portal ou jornal. \u00c9 o leitor abrir o site da Acessa.com, o G1 Zona da Mata, a Tribuna de Minas e ver informa\u00e7\u00f5es sobre o que acontece ao seu redor. Diferentemente quando pega O Globo ou o pr\u00f3prio Estado de Minas e v\u00eaem informa\u00e7\u00f5es de outros lugares, algumas at\u00e9 de seu interesse, mas muitas que n\u00e3o retratam a sua real condi\u00e7\u00e3o de vida. \u00c9 claro que, para moradores de Belo Horizonte, Rio de Janeiro e S\u00e3o Paulo, estes grandes jornais traduzem a sua realidade e atuam como regionais nesses lugares.  O p\u00fablico da internet busca atualiza\u00e7\u00e3o a todo instante de not\u00edcias.<\/p>\n<p><b>Como atender a essa demanda e ao mesmo tempo manter a qualidade e a confiabilidade?\u00a0<\/b><br \/>Infelizmente, h\u00e1 um processo que preza, inicialmente, pela <b>agilidade<\/b> e depois pela <b>qualidade<\/b> da informa\u00e7\u00e3o. Os portais t\u00eam essa possibilidade, j\u00e1 que a atualiza\u00e7\u00e3o \u00e9 realizada de maneira mais f\u00e1cil e r\u00e1pida. Alguns usam a op\u00e7\u00e3o de informar ao leitor que a noticia j\u00e1 foi atualizada tantas vezes e at\u00e9 o hor\u00e1rio que j\u00e1 foi atualizada, para sanar d\u00favidas quanto a uma informa\u00e7\u00e3o equivocada que foi publicada anteriormente. No impresso, isso n\u00e3o \u00e9 t\u00e3o simples, j\u00e1 que uma informa\u00e7\u00e3o com erros ou incompleta n\u00e3o tem como ser apagada. Uma errata no dia seguinte talvez n\u00e3o tenha o mesmo efeito da publica\u00e7\u00e3o. Sobre a qualidade, como o processo de O Globo que mencionei, vamos atualizando a not\u00edcia ao longo do dia, verificando mais de uma vez, corrigindo os erros e acrescentando informa\u00e7\u00f5es. A quest\u00e3o de ouvir o outro lado tamb\u00e9m \u00e9 interessante: esperar respostas de assessorias pode se tornar um processo moroso, por depender de in\u00fameras aprova\u00e7\u00f5es dentro das organiza\u00e7\u00f5es. Um recurso usado \u00e9 dizer que aguardamos o posicionamento da organiza\u00e7\u00e3o citada, abrindo o devido espa\u00e7o t\u00e3o logo se pronuncie, sem perder o timing da not\u00edcia.<\/p>\n<p><b>Voc\u00eas acreditam que o jornalismo on-line possa ser mais independente, por depender menos dos grandes grupos econ\u00f4micos?\u00a0<\/b><br \/>As redes sociais, os blogueiros e os grupos como o M\u00eddia Ninja tem um papel fundamental na constru\u00e7\u00e3o do jornalismo de nosso tempo. S\u00e3o rep\u00f3rteres, cinegrafistas, fot\u00f3grafos empenhados em dar uma vis\u00e3o diferente dos grandes grupos, um olhar que, em muitos casos, vai na contram\u00e3o da opini\u00e3o de grandes ve\u00edculos. Entretanto, o independente talvez deva ser colocado de uma maneira cuidadosa. Independente economicamente, em grande parte sim, j\u00e1 que muitos n\u00e3o recebem patroc\u00ednio e exercem a fun\u00e7\u00e3o apenas pelo prazer de informar. Agora, independ\u00eancia do <b>ponto de vista pol\u00edtico<\/b> \u00e9 diferente. Sem querer generalizar, h\u00e1 grupos, organiza\u00e7\u00f5es e blogueiros que tem sua forma\u00e7\u00e3o intelectual, que defendem um sistema pol\u00edtico ou governo que lhe conv\u00e9m e n\u00e3o s\u00e3o t\u00e3o independentes assim. Podem, talvez, construir uma vis\u00e3o independente daquilo que a grande m\u00eddia defende, mas tamb\u00e9m atrelada a interesses de grupos, movimentos sociais e at\u00e9 partidos pol\u00edticos ou governantes. Isso se torna mais f\u00e1cil de entender quando se pensa que objetividade, que \u00e9 t\u00e3o pregada, n\u00e3o existe.<\/p>\n<p><b>A tend\u00eancia do jornalismo \u00e9 romper com a aparente neutralidade pol\u00edtica? Quais as vantagens e desvantagens caso ocorra essa mudan\u00e7a?\u00a0<\/b><br \/>Na minha opini\u00e3o, se os grandes ve\u00edculos e rep\u00f3rteres deixassem claro quais s\u00e3o as suas <b>convic\u00e7\u00f5es<\/b> pol\u00edticas e informassem isso ao leitor, seria muito melhor. As pessoas saberiam o que esperar destes canais, a partir disso, decidir se continuariam ou deixariam de acompanhar tais ve\u00edculos. Uma op\u00e7\u00e3o de escolha. Hoje no Brasil, prega-se uma imparcialidade, neutralidade que n\u00e3o existe. Os seis maiores ve\u00edculos est\u00e3o nas m\u00e3os de fam\u00edlias, de vi\u00e9s mais conservador, e que concentram a sua linha editorial naquilo que defendem. Na empresa onde trabalho, temos a liberdade editorial, o que nos deixa mais tranq\u00fcilos no processo de apura\u00e7\u00e3o e publica\u00e7\u00e3o. Prezamos sempre por ouvir ambos os lados e checar as informa\u00e7\u00f5es da maneira correta, de forma \u00e9tica. Romper com a neutralidade e deixar isso claro seria uma vantagem para que as pessoas fizessem suas op\u00e7\u00f5es. Agora, quando digo romper com a neutralidade n\u00e3o digo isentar os rep\u00f3rteres do compromisso com a verdade ou utilizar de mecanismos tendenciosos como a angula\u00e7\u00e3o que prejudique a fonte ou o personagem em quest\u00e3o numa reportagem.<\/p>\n<p><b>A democratiza\u00e7\u00e3o do acesso \u00e0 internet \u00e9 fundamental para o fortalecimento da democracia? Como a m\u00eddia on-line pode ajudar nesse processo?<\/b><br \/>Acredito muito nisso. O compartilhamento de informa\u00e7\u00f5es pela rede j\u00e1 \u00e9 uma realidade e ouvir a voz do p\u00fablico-leitor \u00e9 imprescind\u00edvel para me guiar no trabalho. Quando ele comenta, critica, compartilha, aprova \u00e9 poss\u00edvel fazer com que o trabalho tenha mais qualidade. E acredito que a rede \u00e9 um ambiente prop\u00edcio a isto. A discord\u00e2ncia do leitor, a partir da abertura do espa\u00e7o para que ele se <b>manifeste<\/b>, \u00e9, sem d\u00favidas, um mecanismo para dar qualidade ao texto e fortalecer a democracia. A m\u00eddia online contribui para este cen\u00e1rio, a partir do momento em que o rep\u00f3rter tem o contato direto com o leitor numa rede social ou na pr\u00f3pria pagina do ve\u00edculo no Facebook em que ele tenha a op\u00e7\u00e3o de se manifestar. Tudo isso feito de forma din\u00e2mica, com o mesmo espa\u00e7o dado a ambas as partes. A dificuldade est\u00e1 no fato de haver recursos humanos para responder \u00e0s manifesta\u00e7\u00f5es de todos os leitores. Um profissional respons\u00e1vel pelas redes sociais \u00e9 o ideal para uma reda\u00e7\u00e3o.<\/p>\n<div style=\"text-align:right;\"><b>Texto:<\/b> Andr\u00e9 Frigo<br \/>Kleyton Guilherme<br \/><b>Edi\u00e7\u00e3o:<\/b> Clara Varginha<\/div>\n","protected":false},"excerpt":{"rendered":"<p>Natural da cidade de Entre Rios de Minas e ex aluno do curso de Comunica\u00e7\u00e3o Social da UFSJ, Eduardo Maia reside atualmente em Juiz de Fora. Aluno da primeira turma, foi um dos fundadores da VAN, projeto de extens\u00e3o do&#8230;<\/p>\n","protected":false},"author":3,"featured_media":0,"comment_status":"open","ping_status":"open","sticky":false,"template":"","format":"standard","meta":{"_monsterinsights_skip_tracking":false,"_monsterinsights_sitenote_active":false,"_monsterinsights_sitenote_note":"","_monsterinsights_sitenote_category":0},"categories":[4,43,75,77],"tags":[],"yoast_head":"<!-- This site is optimized with the Yoast SEO plugin v20.6 - https:\/\/yoast.com\/wordpress\/plugins\/seo\/ -->\n<title>Ex-aluno comenta tend\u00eancias e a fun\u00e7\u00e3o do jornalista na rede - Jornalismo UFSJ<\/title>\n<meta name=\"robots\" content=\"index, follow, max-snippet:-1, max-image-preview:large, max-video-preview:-1\" \/>\n<link rel=\"canonical\" href=\"http:\/\/anu.ufsj.edu.br\/site\/acessa-com\/ex-aluno-comenta-tendencias-e-a-funcao-do-jornalista-na-rede\/\" \/>\n<meta property=\"og:locale\" content=\"pt_BR\" \/>\n<meta property=\"og:type\" content=\"article\" \/>\n<meta property=\"og:title\" content=\"Ex-aluno comenta tend\u00eancias e a fun\u00e7\u00e3o do jornalista na rede - Jornalismo UFSJ\" \/>\n<meta property=\"og:description\" content=\"Natural da cidade de Entre Rios de Minas e ex aluno do curso de Comunica\u00e7\u00e3o Social da UFSJ, Eduardo Maia reside atualmente em Juiz de Fora. Aluno da primeira turma, foi um dos fundadores da VAN, projeto de extens\u00e3o do...\" \/>\n<meta property=\"og:url\" content=\"http:\/\/anu.ufsj.edu.br\/site\/acessa-com\/ex-aluno-comenta-tendencias-e-a-funcao-do-jornalista-na-rede\/\" \/>\n<meta property=\"og:site_name\" content=\"Jornalismo UFSJ\" \/>\n<meta property=\"article:publisher\" content=\"https:\/\/www.facebook.com\/jornalismoufsj\/\" \/>\n<meta property=\"article:published_time\" content=\"2014-07-02T15:02:00+00:00\" \/>\n<meta property=\"og:image\" content=\"https:\/\/jornalismou.files.wordpress.com\/2014\/07\/f31e2-eduardo-maia.jpg\" \/>\n<meta name=\"twitter:card\" content=\"summary_large_image\" \/>\n<meta name=\"twitter:creator\" content=\"@jornalismoufsj\" \/>\n<meta name=\"twitter:site\" content=\"@jornalismoufsj\" \/>\n<meta name=\"twitter:label1\" content=\"Escrito por\" \/>\n\t<meta name=\"twitter:data1\" content=\"\" \/>\n\t<meta name=\"twitter:label2\" content=\"Est. tempo de leitura\" \/>\n\t<meta name=\"twitter:data2\" content=\"9 minutos\" \/>\n<script type=\"application\/ld+json\" class=\"yoast-schema-graph\">{\"@context\":\"https:\/\/schema.org\",\"@graph\":[{\"@type\":\"WebPage\",\"@id\":\"http:\/\/anu.ufsj.edu.br\/site\/acessa-com\/ex-aluno-comenta-tendencias-e-a-funcao-do-jornalista-na-rede\/\",\"url\":\"http:\/\/anu.ufsj.edu.br\/site\/acessa-com\/ex-aluno-comenta-tendencias-e-a-funcao-do-jornalista-na-rede\/\",\"name\":\"Ex-aluno comenta tend\u00eancias e a fun\u00e7\u00e3o do jornalista na rede - Jornalismo UFSJ\",\"isPartOf\":{\"@id\":\"http:\/\/jornalismo.ufsj.edu.br\/site\/#website\"},\"datePublished\":\"2014-07-02T15:02:00+00:00\",\"dateModified\":\"2014-07-02T15:02:00+00:00\",\"author\":{\"@id\":\"\"},\"breadcrumb\":{\"@id\":\"http:\/\/anu.ufsj.edu.br\/site\/acessa-com\/ex-aluno-comenta-tendencias-e-a-funcao-do-jornalista-na-rede\/#breadcrumb\"},\"inLanguage\":\"pt-BR\",\"potentialAction\":[{\"@type\":\"ReadAction\",\"target\":[\"http:\/\/anu.ufsj.edu.br\/site\/acessa-com\/ex-aluno-comenta-tendencias-e-a-funcao-do-jornalista-na-rede\/\"]}]},{\"@type\":\"BreadcrumbList\",\"@id\":\"http:\/\/anu.ufsj.edu.br\/site\/acessa-com\/ex-aluno-comenta-tendencias-e-a-funcao-do-jornalista-na-rede\/#breadcrumb\",\"itemListElement\":[{\"@type\":\"ListItem\",\"position\":1,\"name\":\"In\u00edcio\",\"item\":\"http:\/\/jornalismo.ufsj.edu.br\/site\/\"},{\"@type\":\"ListItem\",\"position\":2,\"name\":\"Ex-aluno comenta tend\u00eancias e a fun\u00e7\u00e3o do jornalista na rede\"}]},{\"@type\":\"WebSite\",\"@id\":\"http:\/\/jornalismo.ufsj.edu.br\/site\/#website\",\"url\":\"http:\/\/jornalismo.ufsj.edu.br\/site\/\",\"name\":\"Jornalismo UFSJ\",\"description\":\"\",\"potentialAction\":[{\"@type\":\"SearchAction\",\"target\":{\"@type\":\"EntryPoint\",\"urlTemplate\":\"http:\/\/jornalismo.ufsj.edu.br\/site\/?s={search_term_string}\"},\"query-input\":\"required name=search_term_string\"}],\"inLanguage\":\"pt-BR\"},{\"@type\":\"Person\",\"@id\":\"\"}]}<\/script>\n<!-- \/ Yoast SEO plugin. -->","yoast_head_json":{"title":"Ex-aluno comenta tend\u00eancias e a fun\u00e7\u00e3o do jornalista na rede - Jornalismo UFSJ","robots":{"index":"index","follow":"follow","max-snippet":"max-snippet:-1","max-image-preview":"max-image-preview:large","max-video-preview":"max-video-preview:-1"},"canonical":"http:\/\/anu.ufsj.edu.br\/site\/acessa-com\/ex-aluno-comenta-tendencias-e-a-funcao-do-jornalista-na-rede\/","og_locale":"pt_BR","og_type":"article","og_title":"Ex-aluno comenta tend\u00eancias e a fun\u00e7\u00e3o do jornalista na rede - Jornalismo UFSJ","og_description":"Natural da cidade de Entre Rios de Minas e ex aluno do curso de Comunica\u00e7\u00e3o Social da UFSJ, Eduardo Maia reside atualmente em Juiz de Fora. Aluno da primeira turma, foi um dos fundadores da VAN, projeto de extens\u00e3o do...","og_url":"http:\/\/anu.ufsj.edu.br\/site\/acessa-com\/ex-aluno-comenta-tendencias-e-a-funcao-do-jornalista-na-rede\/","og_site_name":"Jornalismo UFSJ","article_publisher":"https:\/\/www.facebook.com\/jornalismoufsj\/","article_published_time":"2014-07-02T15:02:00+00:00","og_image":[{"url":"https:\/\/jornalismou.files.wordpress.com\/2014\/07\/f31e2-eduardo-maia.jpg"}],"twitter_card":"summary_large_image","twitter_creator":"@jornalismoufsj","twitter_site":"@jornalismoufsj","twitter_misc":{"Escrito por":"","Est. tempo de leitura":"9 minutos"},"schema":{"@context":"https:\/\/schema.org","@graph":[{"@type":"WebPage","@id":"http:\/\/anu.ufsj.edu.br\/site\/acessa-com\/ex-aluno-comenta-tendencias-e-a-funcao-do-jornalista-na-rede\/","url":"http:\/\/anu.ufsj.edu.br\/site\/acessa-com\/ex-aluno-comenta-tendencias-e-a-funcao-do-jornalista-na-rede\/","name":"Ex-aluno comenta tend\u00eancias e a fun\u00e7\u00e3o do jornalista na rede - Jornalismo UFSJ","isPartOf":{"@id":"http:\/\/jornalismo.ufsj.edu.br\/site\/#website"},"datePublished":"2014-07-02T15:02:00+00:00","dateModified":"2014-07-02T15:02:00+00:00","author":{"@id":""},"breadcrumb":{"@id":"http:\/\/anu.ufsj.edu.br\/site\/acessa-com\/ex-aluno-comenta-tendencias-e-a-funcao-do-jornalista-na-rede\/#breadcrumb"},"inLanguage":"pt-BR","potentialAction":[{"@type":"ReadAction","target":["http:\/\/anu.ufsj.edu.br\/site\/acessa-com\/ex-aluno-comenta-tendencias-e-a-funcao-do-jornalista-na-rede\/"]}]},{"@type":"BreadcrumbList","@id":"http:\/\/anu.ufsj.edu.br\/site\/acessa-com\/ex-aluno-comenta-tendencias-e-a-funcao-do-jornalista-na-rede\/#breadcrumb","itemListElement":[{"@type":"ListItem","position":1,"name":"In\u00edcio","item":"http:\/\/jornalismo.ufsj.edu.br\/site\/"},{"@type":"ListItem","position":2,"name":"Ex-aluno comenta tend\u00eancias e a fun\u00e7\u00e3o do jornalista na rede"}]},{"@type":"WebSite","@id":"http:\/\/jornalismo.ufsj.edu.br\/site\/#website","url":"http:\/\/jornalismo.ufsj.edu.br\/site\/","name":"Jornalismo UFSJ","description":"","potentialAction":[{"@type":"SearchAction","target":{"@type":"EntryPoint","urlTemplate":"http:\/\/jornalismo.ufsj.edu.br\/site\/?s={search_term_string}"},"query-input":"required name=search_term_string"}],"inLanguage":"pt-BR"},{"@type":"Person","@id":""}]}},"jetpack_featured_media_url":"","_links":{"self":[{"href":"http:\/\/anu.ufsj.edu.br\/site\/wp-json\/wp\/v2\/posts\/979"}],"collection":[{"href":"http:\/\/anu.ufsj.edu.br\/site\/wp-json\/wp\/v2\/posts"}],"about":[{"href":"http:\/\/anu.ufsj.edu.br\/site\/wp-json\/wp\/v2\/types\/post"}],"author":[{"embeddable":true,"href":"http:\/\/anu.ufsj.edu.br\/site\/wp-json\/wp\/v2\/users\/3"}],"replies":[{"embeddable":true,"href":"http:\/\/anu.ufsj.edu.br\/site\/wp-json\/wp\/v2\/comments?post=979"}],"version-history":[{"count":0,"href":"http:\/\/anu.ufsj.edu.br\/site\/wp-json\/wp\/v2\/posts\/979\/revisions"}],"wp:attachment":[{"href":"http:\/\/anu.ufsj.edu.br\/site\/wp-json\/wp\/v2\/media?parent=979"}],"wp:term":[{"taxonomy":"category","embeddable":true,"href":"http:\/\/anu.ufsj.edu.br\/site\/wp-json\/wp\/v2\/categories?post=979"},{"taxonomy":"post_tag","embeddable":true,"href":"http:\/\/anu.ufsj.edu.br\/site\/wp-json\/wp\/v2\/tags?post=979"}],"curies":[{"name":"wp","href":"https:\/\/api.w.org\/{rel}","templated":true}]}}