{"id":981,"date":"2014-06-30T17:37:00","date_gmt":"2014-06-30T17:37:00","guid":{"rendered":"http:\/\/jornalismo.ufsj.edu.br\/2014\/06\/30\/subeditor-da-van-fala-sobre-sua-rotina-de-trabalho"},"modified":"2014-06-30T17:37:00","modified_gmt":"2014-06-30T17:37:00","slug":"subeditor-da-van-fala-sobre-sua-rotina-de-trabalho","status":"publish","type":"post","link":"http:\/\/anu.ufsj.edu.br\/site\/comunicacao\/subeditor-da-van-fala-sobre-sua-rotina-de-trabalho\/","title":{"rendered":"Subeditor da VAN fala sobre sua rotina de trabalho"},"content":{"rendered":"<div class=\"separator\" style=\"clear:both;text-align:center;\"><\/div>\n<div class=\"separator\" style=\"clear:both;text-align:center;\"><a href=\"https:\/\/jornalismou.files.wordpress.com\/2014\/06\/1adaf-willian-carvalho.jpg\" style=\"clear:left;float:left;margin-bottom:1em;margin-right:1em;\"><img loading=\"lazy\" border=\"0\" src=\"https:\/\/jornalismou.files.wordpress.com\/2014\/06\/1adaf-willian-carvalho.jpg\" height=\"400\" width=\"400\" \/><\/a><\/div>\n<p><b>Willian Jos\u00e9 de Carvalho<\/b> tem 23 anos e nasceu em S\u00e3o Paulo, por\u00e9m mora em S\u00e3o Jo\u00e3o del-Rei. Atualmente, cursa o 3\u00baper\u00edodo de Comunica\u00e7\u00e3o Social na Universidade Federal de S\u00e3o Jo\u00e3o del-Rei, onde trabalha como subeditor na <a href=\"http:\/\/www.vanufsj.jor.br\/\" target=\"_blank\">Vertentes Ag\u00eancia de Not\u00edcias<\/a>\u00a0(VAN), projeto criado pela professora Filomena.<\/p>\n<p><b>Como \u00e9 seu dia-a-dia no trabalho?Quais s\u00e3o as suas tarefas?<\/b><br \/>Todos os dias posto as mat\u00e9rias na p\u00e1gina da VAN, al\u00e9m de rever mat\u00e9rias, acompanhar calouros em certas entrevistas, orienta\u00e7\u00e3o na produ\u00e7\u00e3o de mat\u00e9rias. Tamb\u00e9m atualizo o slide show uma vez por semana e preparo pautas para a reuni\u00e3o que acontece ordinariamente nas ter\u00e7as-feiras. Tamb\u00e9m produzo mat\u00e9ria como rep\u00f3rter.<\/p>\n<p><b>Qual \u00e9 a sua motiva\u00e7\u00e3o para trabalhar como subeditor? O que te agrada nesse cargo?\u00a0<\/b><br \/>O interessante desse cargo \u00e9 que posso acompanhar todo o processo de produ\u00e7\u00e3o da VAN, desde a reuni\u00e3o de pauta at\u00e9 a postagem e repercuss\u00e3o na p\u00e1gina online. Vejo isso como aprendizado, pois terei uma prepara\u00e7\u00e3o para o mercado l\u00e1 fora.<\/p>\n<p><b>Quais s\u00e3o as principais dificuldades encontradas?\u00a0<\/b><br \/>Primeiro quest\u00e3o \u00e9 a falta de equipamentos para a produ\u00e7\u00e3o de mat\u00e9rias. Outro ponto \u00e9 a grande dificuldade em poder retornar a todos os volunt\u00e1rios, estar acompanhando as produ\u00e7\u00f5es.<\/p>\n<p><b>\u00c9 um trabalho cansativo?\u00a0<\/b><br \/>Ele se torna cansativo, quando o cronograma que monto da  semana sai do controle. Mas quando est\u00e1 dentro, na maioria das vezes, est\u00e1 tudo certo.<\/p>\n<p><b>Quais s\u00e3o as caracter\u00edsticas que um profissional nessa \u00e1rea deve possuir?\u00a0<\/b><br \/>Dinamismo, saber trabalhar em equipe, caracter\u00edsticas que estou desenvolvendo no meu dia-a-dia. Al\u00e9m de compromisso.   <\/p>\n<div style=\"text-align:right;\"><b><br \/><\/b><span style=\"color:#0000ee;font-weight:bold;\">Profissionais Digitais<\/span><b><br \/>Reda\u00e7\u00e3o:<\/b>\u00a0Danielle da Gama<\/div>\n<div style=\"text-align:right;\">Cec\u00edlia Santos<\/div>\n<div style=\"text-align:right;\">Tiago Santos<\/div>\n<div style=\"text-align:right;\"><b>Edi\u00e7\u00e3o:<\/b> Clara Varginha<\/div>\n","protected":false},"excerpt":{"rendered":"<p>Willian Jos\u00e9 de Carvalho tem 23 anos e nasceu em S\u00e3o Paulo, por\u00e9m mora em S\u00e3o Jo\u00e3o del-Rei. Atualmente, cursa o 3\u00baper\u00edodo de Comunica\u00e7\u00e3o Social na Universidade Federal de S\u00e3o Jo\u00e3o del-Rei, onde trabalha como subeditor na Vertentes Ag\u00eancia de&#8230;<\/p>\n","protected":false},"author":3,"featured_media":0,"comment_status":"open","ping_status":"open","sticky":false,"template":"","format":"standard","meta":{"_monsterinsights_skip_tracking":false,"_monsterinsights_sitenote_active":false,"_monsterinsights_sitenote_note":"","_monsterinsights_sitenote_category":0},"categories":[12,73,75,77],"tags":[],"yoast_head":"<!-- This site is optimized with the Yoast SEO plugin v20.6 - https:\/\/yoast.com\/wordpress\/plugins\/seo\/ -->\n<title>Subeditor da VAN fala sobre sua rotina de trabalho - Jornalismo UFSJ<\/title>\n<meta name=\"robots\" content=\"index, follow, max-snippet:-1, max-image-preview:large, max-video-preview:-1\" \/>\n<link rel=\"canonical\" href=\"http:\/\/anu.ufsj.edu.br\/site\/comunicacao\/subeditor-da-van-fala-sobre-sua-rotina-de-trabalho\/\" \/>\n<meta property=\"og:locale\" content=\"pt_BR\" \/>\n<meta property=\"og:type\" content=\"article\" \/>\n<meta property=\"og:title\" content=\"Subeditor da VAN fala sobre sua rotina de trabalho - Jornalismo UFSJ\" \/>\n<meta property=\"og:description\" content=\"Willian Jos\u00e9 de Carvalho tem 23 anos e nasceu em S\u00e3o Paulo, por\u00e9m mora em S\u00e3o Jo\u00e3o del-Rei. Atualmente, cursa o 3\u00baper\u00edodo de Comunica\u00e7\u00e3o Social na Universidade Federal de S\u00e3o Jo\u00e3o del-Rei, onde trabalha como subeditor na Vertentes Ag\u00eancia de...\" \/>\n<meta property=\"og:url\" content=\"http:\/\/anu.ufsj.edu.br\/site\/comunicacao\/subeditor-da-van-fala-sobre-sua-rotina-de-trabalho\/\" \/>\n<meta property=\"og:site_name\" content=\"Jornalismo UFSJ\" \/>\n<meta property=\"article:publisher\" content=\"https:\/\/www.facebook.com\/jornalismoufsj\/\" \/>\n<meta property=\"article:published_time\" content=\"2014-06-30T17:37:00+00:00\" \/>\n<meta property=\"og:image\" content=\"https:\/\/jornalismou.files.wordpress.com\/2014\/06\/1adaf-willian-carvalho.jpg\" \/>\n<meta name=\"twitter:card\" content=\"summary_large_image\" \/>\n<meta name=\"twitter:creator\" content=\"@jornalismoufsj\" \/>\n<meta name=\"twitter:site\" content=\"@jornalismoufsj\" \/>\n<meta name=\"twitter:label1\" content=\"Escrito por\" \/>\n\t<meta name=\"twitter:data1\" content=\"\" \/>\n\t<meta name=\"twitter:label2\" content=\"Est. tempo de leitura\" \/>\n\t<meta name=\"twitter:data2\" content=\"1 minuto\" \/>\n<script type=\"application\/ld+json\" class=\"yoast-schema-graph\">{\"@context\":\"https:\/\/schema.org\",\"@graph\":[{\"@type\":\"WebPage\",\"@id\":\"http:\/\/anu.ufsj.edu.br\/site\/comunicacao\/subeditor-da-van-fala-sobre-sua-rotina-de-trabalho\/\",\"url\":\"http:\/\/anu.ufsj.edu.br\/site\/comunicacao\/subeditor-da-van-fala-sobre-sua-rotina-de-trabalho\/\",\"name\":\"Subeditor da VAN fala sobre sua rotina de trabalho - Jornalismo UFSJ\",\"isPartOf\":{\"@id\":\"http:\/\/jornalismo.ufsj.edu.br\/site\/#website\"},\"datePublished\":\"2014-06-30T17:37:00+00:00\",\"dateModified\":\"2014-06-30T17:37:00+00:00\",\"author\":{\"@id\":\"\"},\"breadcrumb\":{\"@id\":\"http:\/\/anu.ufsj.edu.br\/site\/comunicacao\/subeditor-da-van-fala-sobre-sua-rotina-de-trabalho\/#breadcrumb\"},\"inLanguage\":\"pt-BR\",\"potentialAction\":[{\"@type\":\"ReadAction\",\"target\":[\"http:\/\/anu.ufsj.edu.br\/site\/comunicacao\/subeditor-da-van-fala-sobre-sua-rotina-de-trabalho\/\"]}]},{\"@type\":\"BreadcrumbList\",\"@id\":\"http:\/\/anu.ufsj.edu.br\/site\/comunicacao\/subeditor-da-van-fala-sobre-sua-rotina-de-trabalho\/#breadcrumb\",\"itemListElement\":[{\"@type\":\"ListItem\",\"position\":1,\"name\":\"In\u00edcio\",\"item\":\"http:\/\/jornalismo.ufsj.edu.br\/site\/\"},{\"@type\":\"ListItem\",\"position\":2,\"name\":\"Subeditor da VAN fala sobre sua rotina de trabalho\"}]},{\"@type\":\"WebSite\",\"@id\":\"http:\/\/jornalismo.ufsj.edu.br\/site\/#website\",\"url\":\"http:\/\/jornalismo.ufsj.edu.br\/site\/\",\"name\":\"Jornalismo UFSJ\",\"description\":\"\",\"potentialAction\":[{\"@type\":\"SearchAction\",\"target\":{\"@type\":\"EntryPoint\",\"urlTemplate\":\"http:\/\/jornalismo.ufsj.edu.br\/site\/?s={search_term_string}\"},\"query-input\":\"required name=search_term_string\"}],\"inLanguage\":\"pt-BR\"},{\"@type\":\"Person\",\"@id\":\"\"}]}<\/script>\n<!-- \/ Yoast SEO plugin. -->","yoast_head_json":{"title":"Subeditor da VAN fala sobre sua rotina de trabalho - Jornalismo UFSJ","robots":{"index":"index","follow":"follow","max-snippet":"max-snippet:-1","max-image-preview":"max-image-preview:large","max-video-preview":"max-video-preview:-1"},"canonical":"http:\/\/anu.ufsj.edu.br\/site\/comunicacao\/subeditor-da-van-fala-sobre-sua-rotina-de-trabalho\/","og_locale":"pt_BR","og_type":"article","og_title":"Subeditor da VAN fala sobre sua rotina de trabalho - Jornalismo UFSJ","og_description":"Willian Jos\u00e9 de Carvalho tem 23 anos e nasceu em S\u00e3o Paulo, por\u00e9m mora em S\u00e3o Jo\u00e3o del-Rei. Atualmente, cursa o 3\u00baper\u00edodo de Comunica\u00e7\u00e3o Social na Universidade Federal de S\u00e3o Jo\u00e3o del-Rei, onde trabalha como subeditor na Vertentes Ag\u00eancia de...","og_url":"http:\/\/anu.ufsj.edu.br\/site\/comunicacao\/subeditor-da-van-fala-sobre-sua-rotina-de-trabalho\/","og_site_name":"Jornalismo UFSJ","article_publisher":"https:\/\/www.facebook.com\/jornalismoufsj\/","article_published_time":"2014-06-30T17:37:00+00:00","og_image":[{"url":"https:\/\/jornalismou.files.wordpress.com\/2014\/06\/1adaf-willian-carvalho.jpg"}],"twitter_card":"summary_large_image","twitter_creator":"@jornalismoufsj","twitter_site":"@jornalismoufsj","twitter_misc":{"Escrito por":"","Est. tempo de leitura":"1 minuto"},"schema":{"@context":"https:\/\/schema.org","@graph":[{"@type":"WebPage","@id":"http:\/\/anu.ufsj.edu.br\/site\/comunicacao\/subeditor-da-van-fala-sobre-sua-rotina-de-trabalho\/","url":"http:\/\/anu.ufsj.edu.br\/site\/comunicacao\/subeditor-da-van-fala-sobre-sua-rotina-de-trabalho\/","name":"Subeditor da VAN fala sobre sua rotina de trabalho - Jornalismo UFSJ","isPartOf":{"@id":"http:\/\/jornalismo.ufsj.edu.br\/site\/#website"},"datePublished":"2014-06-30T17:37:00+00:00","dateModified":"2014-06-30T17:37:00+00:00","author":{"@id":""},"breadcrumb":{"@id":"http:\/\/anu.ufsj.edu.br\/site\/comunicacao\/subeditor-da-van-fala-sobre-sua-rotina-de-trabalho\/#breadcrumb"},"inLanguage":"pt-BR","potentialAction":[{"@type":"ReadAction","target":["http:\/\/anu.ufsj.edu.br\/site\/comunicacao\/subeditor-da-van-fala-sobre-sua-rotina-de-trabalho\/"]}]},{"@type":"BreadcrumbList","@id":"http:\/\/anu.ufsj.edu.br\/site\/comunicacao\/subeditor-da-van-fala-sobre-sua-rotina-de-trabalho\/#breadcrumb","itemListElement":[{"@type":"ListItem","position":1,"name":"In\u00edcio","item":"http:\/\/jornalismo.ufsj.edu.br\/site\/"},{"@type":"ListItem","position":2,"name":"Subeditor da VAN fala sobre sua rotina de trabalho"}]},{"@type":"WebSite","@id":"http:\/\/jornalismo.ufsj.edu.br\/site\/#website","url":"http:\/\/jornalismo.ufsj.edu.br\/site\/","name":"Jornalismo UFSJ","description":"","potentialAction":[{"@type":"SearchAction","target":{"@type":"EntryPoint","urlTemplate":"http:\/\/jornalismo.ufsj.edu.br\/site\/?s={search_term_string}"},"query-input":"required name=search_term_string"}],"inLanguage":"pt-BR"},{"@type":"Person","@id":""}]}},"jetpack_featured_media_url":"","_links":{"self":[{"href":"http:\/\/anu.ufsj.edu.br\/site\/wp-json\/wp\/v2\/posts\/981"}],"collection":[{"href":"http:\/\/anu.ufsj.edu.br\/site\/wp-json\/wp\/v2\/posts"}],"about":[{"href":"http:\/\/anu.ufsj.edu.br\/site\/wp-json\/wp\/v2\/types\/post"}],"author":[{"embeddable":true,"href":"http:\/\/anu.ufsj.edu.br\/site\/wp-json\/wp\/v2\/users\/3"}],"replies":[{"embeddable":true,"href":"http:\/\/anu.ufsj.edu.br\/site\/wp-json\/wp\/v2\/comments?post=981"}],"version-history":[{"count":0,"href":"http:\/\/anu.ufsj.edu.br\/site\/wp-json\/wp\/v2\/posts\/981\/revisions"}],"wp:attachment":[{"href":"http:\/\/anu.ufsj.edu.br\/site\/wp-json\/wp\/v2\/media?parent=981"}],"wp:term":[{"taxonomy":"category","embeddable":true,"href":"http:\/\/anu.ufsj.edu.br\/site\/wp-json\/wp\/v2\/categories?post=981"},{"taxonomy":"post_tag","embeddable":true,"href":"http:\/\/anu.ufsj.edu.br\/site\/wp-json\/wp\/v2\/tags?post=981"}],"curies":[{"name":"wp","href":"https:\/\/api.w.org\/{rel}","templated":true}]}}