{"id":984,"date":"2014-06-27T19:34:00","date_gmt":"2014-06-27T19:34:00","guid":{"rendered":"http:\/\/jornalismo.ufsj.edu.br\/2014\/06\/27\/catraca-livre-divulga-o-ensaio-descoberta-de-marlon-de-paula"},"modified":"2014-06-27T19:34:00","modified_gmt":"2014-06-27T19:34:00","slug":"catraca-livre-divulga-o-ensaio-descoberta-de-marlon-de-paula","status":"publish","type":"post","link":"http:\/\/anu.ufsj.edu.br\/site\/catraca-livre\/catraca-livre-divulga-o-ensaio-descoberta-de-marlon-de-paula\/","title":{"rendered":"Catraca Livre divulga o ensaio Descoberta de Marlon de Paula"},"content":{"rendered":"<p><\/p>\n<table cellpadding=\"0\" cellspacing=\"0\" class=\"tr-caption-container\" style=\"float:left;margin-right:1em;text-align:left;\">\n<tbody>\n<tr>\n<td style=\"text-align:center;\"><a href=\"https:\/\/jornalismou.files.wordpress.com\/2014\/06\/177d7-a_descoberta_da_feminilidade_-_por_marlon_de_paula_7-910x581.jpg\" style=\"clear:left;margin-bottom:1em;margin-left:auto;margin-right:auto;\"><img loading=\"lazy\" border=\"0\" src=\"https:\/\/jornalismou.files.wordpress.com\/2014\/06\/177d7-a_descoberta_da_feminilidade_-_por_marlon_de_paula_7-910x581.jpg\" height=\"255\" width=\"400\" \/><\/a><\/td>\n<\/tr>\n<tr>\n<td class=\"tr-caption\" style=\"text-align:center;\"><\/td>\n<\/tr>\n<\/tbody>\n<\/table>\n<p><b>Marlon de Paula<\/b>, estudante do 5\u00ba per\u00edodo de jornalismo teve mais um trabalho publicado, desta vez no site <a href=\"https:\/\/catracalivre.com.br\/geral\/design-urbanidade\/indicacao\/ensaio-fotografico-retrata-feminilidade-com-olhar-poetico-e-erotico\/\" target=\"_blank\">Catraca Livre<\/a>.<\/p>\n<p>\u201cMinha amiga, Tawane Cruz, enviou o meu ensaio para o e-mail do <b>Catraca<\/b>, para poss\u00edvel aprova\u00e7\u00e3o e postagem no site. Fui pego de surpresa, estava acessando o Facebook e sem saber que ela tinha enviando, vi na minha time line uma foto minha na p\u00e1gina, fiquei muito empolgado com as repercuss\u00f5es do ensaio, foi uma coisa t\u00e3o espont\u00e2nea, fiquei mais feliz por saber que existem pessoas que acreditam muito no meu trabalho.\u201d<\/p>\n<p>&#8220;O objetivo do ensaio \u201c<b>Descoberta<\/b>\u201d n\u00e3o \u00e9 restringir ao olhar pornogr\u00e1fico e at\u00e9 mesmo er\u00f3tico de representa\u00e7\u00e3o. Propomos aqui, sem resqu\u00edcio de presun\u00e7\u00e3o, um ensaio-descoberta, pois acreditamos na descoberta de um novo olhar para a estrutura feminina, esse corpo f\u00edsico-material que abriga um universo de valores, sentimentos, ideologias, conhecimentos, ang\u00fastias e pensamentos. N\u00e3o queremos ocupar o espa\u00e7o, j\u00e1 bem preenchido na sociedade atual, no qual a mulher \u00e9 reconstru\u00edda como objeto e desconstru\u00edda como sujeito\u201d, afirmou Priscila Natany, modelo retratada no ensaio.<\/p>\n<p>Segundo ele a paix\u00e3o pela fotografia surgiu desde cedo. \u201cQuando era pequeno ficava  fascinado pelo poder melanc\u00f3lico que a fotografia traz para quem a observa. Depois de um tempo desligado da fotografia mudei para S\u00e3o Jo\u00e3o del-Rei, onde a reencontrei e comecei  a trilhar caminhos em dire\u00e7\u00e3o a minha <b>auto express\u00e3o<\/b>.\u201d<\/p>\n<p>Os trabalhos de Marlon j\u00e1 foram publicados em outros sites como o <a href=\"http:\/\/www.photochannel.com.br\/index.php\/autoral\/autoral-o-grito-de-marlon-de-paula\/\" target=\"_blank\">Photo Channel<\/a>\u00a0e numa importante plataforma francesa de fotografia contempor\u00e2nea a <a href=\"http:\/\/en.worbz.com\/marlon-de-paula\/\" target=\"_blank\">Worbz<\/a>, sua produ\u00e7\u00e3o tamb\u00e9m est\u00e1 dispon\u00edvel no <a href=\"https:\/\/www.facebook.com\/pages\/Marlon-de-Paula-Photography\/1461897490702364\" target=\"_blank\">Facebook<\/a>\u00a0e em seu <a href=\"http:\/\/marlondepaula.46graus.com\/\" target=\"_blank\">blog<\/a>.<\/p>\n<div class=\"separator\" style=\"clear:both;text-align:center;\"><a href=\"https:\/\/youtube.googleapis.com\/v\/IuS9WAceJ_M&#038;source=uds\">https:\/\/youtube.googleapis.com\/v\/IuS9WAceJ_M&#038;source=uds<\/a><\/div>\n<div style=\"text-align:right;\"><b><br \/><\/b><b>Edi\u00e7\u00e3o<\/b>: Clara Varginha<br \/><b>Reportagem:<\/b> Nara Nunes<\/div>\n","protected":false},"excerpt":{"rendered":"<p>Marlon de Paula, estudante do 5\u00ba per\u00edodo de jornalismo teve mais um trabalho publicado, desta vez no site Catraca Livre. \u201cMinha amiga, Tawane Cruz, enviou o meu ensaio para o e-mail do Catraca, para poss\u00edvel aprova\u00e7\u00e3o e postagem no site&#8230;.<\/p>\n","protected":false},"author":3,"featured_media":0,"comment_status":"open","ping_status":"open","sticky":false,"template":"","format":"standard","meta":{"_monsterinsights_skip_tracking":false,"_monsterinsights_sitenote_active":false,"_monsterinsights_sitenote_note":"","_monsterinsights_sitenote_category":0},"categories":[9,32,47,60,78],"tags":[],"yoast_head":"<!-- This site is optimized with the Yoast SEO plugin v20.6 - https:\/\/yoast.com\/wordpress\/plugins\/seo\/ -->\n<title>Catraca Livre divulga o ensaio Descoberta de Marlon de Paula - Jornalismo UFSJ<\/title>\n<meta name=\"robots\" content=\"index, follow, max-snippet:-1, max-image-preview:large, max-video-preview:-1\" \/>\n<link rel=\"canonical\" href=\"http:\/\/anu.ufsj.edu.br\/site\/catraca-livre\/catraca-livre-divulga-o-ensaio-descoberta-de-marlon-de-paula\/\" \/>\n<meta property=\"og:locale\" content=\"pt_BR\" \/>\n<meta property=\"og:type\" content=\"article\" \/>\n<meta property=\"og:title\" content=\"Catraca Livre divulga o ensaio Descoberta de Marlon de Paula - Jornalismo UFSJ\" \/>\n<meta property=\"og:description\" content=\"Marlon de Paula, estudante do 5\u00ba per\u00edodo de jornalismo teve mais um trabalho publicado, desta vez no site Catraca Livre. \u201cMinha amiga, Tawane Cruz, enviou o meu ensaio para o e-mail do Catraca, para poss\u00edvel aprova\u00e7\u00e3o e postagem no site....\" \/>\n<meta property=\"og:url\" content=\"http:\/\/anu.ufsj.edu.br\/site\/catraca-livre\/catraca-livre-divulga-o-ensaio-descoberta-de-marlon-de-paula\/\" \/>\n<meta property=\"og:site_name\" content=\"Jornalismo UFSJ\" \/>\n<meta property=\"article:publisher\" content=\"https:\/\/www.facebook.com\/jornalismoufsj\/\" \/>\n<meta property=\"article:published_time\" content=\"2014-06-27T19:34:00+00:00\" \/>\n<meta property=\"og:image\" content=\"https:\/\/jornalismou.files.wordpress.com\/2014\/06\/177d7-a_descoberta_da_feminilidade_-_por_marlon_de_paula_7-910x581.jpg\" \/>\n<meta name=\"twitter:card\" content=\"summary_large_image\" \/>\n<meta name=\"twitter:creator\" content=\"@jornalismoufsj\" \/>\n<meta name=\"twitter:site\" content=\"@jornalismoufsj\" \/>\n<meta name=\"twitter:label1\" content=\"Escrito por\" \/>\n\t<meta name=\"twitter:data1\" content=\"\" \/>\n\t<meta name=\"twitter:label2\" content=\"Est. tempo de leitura\" \/>\n\t<meta name=\"twitter:data2\" content=\"2 minutos\" \/>\n<script type=\"application\/ld+json\" class=\"yoast-schema-graph\">{\"@context\":\"https:\/\/schema.org\",\"@graph\":[{\"@type\":\"WebPage\",\"@id\":\"http:\/\/anu.ufsj.edu.br\/site\/catraca-livre\/catraca-livre-divulga-o-ensaio-descoberta-de-marlon-de-paula\/\",\"url\":\"http:\/\/anu.ufsj.edu.br\/site\/catraca-livre\/catraca-livre-divulga-o-ensaio-descoberta-de-marlon-de-paula\/\",\"name\":\"Catraca Livre divulga o ensaio Descoberta de Marlon de Paula - Jornalismo UFSJ\",\"isPartOf\":{\"@id\":\"http:\/\/jornalismo.ufsj.edu.br\/site\/#website\"},\"datePublished\":\"2014-06-27T19:34:00+00:00\",\"dateModified\":\"2014-06-27T19:34:00+00:00\",\"author\":{\"@id\":\"\"},\"breadcrumb\":{\"@id\":\"http:\/\/anu.ufsj.edu.br\/site\/catraca-livre\/catraca-livre-divulga-o-ensaio-descoberta-de-marlon-de-paula\/#breadcrumb\"},\"inLanguage\":\"pt-BR\",\"potentialAction\":[{\"@type\":\"ReadAction\",\"target\":[\"http:\/\/anu.ufsj.edu.br\/site\/catraca-livre\/catraca-livre-divulga-o-ensaio-descoberta-de-marlon-de-paula\/\"]}]},{\"@type\":\"BreadcrumbList\",\"@id\":\"http:\/\/anu.ufsj.edu.br\/site\/catraca-livre\/catraca-livre-divulga-o-ensaio-descoberta-de-marlon-de-paula\/#breadcrumb\",\"itemListElement\":[{\"@type\":\"ListItem\",\"position\":1,\"name\":\"In\u00edcio\",\"item\":\"http:\/\/jornalismo.ufsj.edu.br\/site\/\"},{\"@type\":\"ListItem\",\"position\":2,\"name\":\"Catraca Livre divulga o ensaio Descoberta de Marlon de Paula\"}]},{\"@type\":\"WebSite\",\"@id\":\"http:\/\/jornalismo.ufsj.edu.br\/site\/#website\",\"url\":\"http:\/\/jornalismo.ufsj.edu.br\/site\/\",\"name\":\"Jornalismo UFSJ\",\"description\":\"\",\"potentialAction\":[{\"@type\":\"SearchAction\",\"target\":{\"@type\":\"EntryPoint\",\"urlTemplate\":\"http:\/\/jornalismo.ufsj.edu.br\/site\/?s={search_term_string}\"},\"query-input\":\"required name=search_term_string\"}],\"inLanguage\":\"pt-BR\"},{\"@type\":\"Person\",\"@id\":\"\"}]}<\/script>\n<!-- \/ Yoast SEO plugin. -->","yoast_head_json":{"title":"Catraca Livre divulga o ensaio Descoberta de Marlon de Paula - Jornalismo UFSJ","robots":{"index":"index","follow":"follow","max-snippet":"max-snippet:-1","max-image-preview":"max-image-preview:large","max-video-preview":"max-video-preview:-1"},"canonical":"http:\/\/anu.ufsj.edu.br\/site\/catraca-livre\/catraca-livre-divulga-o-ensaio-descoberta-de-marlon-de-paula\/","og_locale":"pt_BR","og_type":"article","og_title":"Catraca Livre divulga o ensaio Descoberta de Marlon de Paula - Jornalismo UFSJ","og_description":"Marlon de Paula, estudante do 5\u00ba per\u00edodo de jornalismo teve mais um trabalho publicado, desta vez no site Catraca Livre. \u201cMinha amiga, Tawane Cruz, enviou o meu ensaio para o e-mail do Catraca, para poss\u00edvel aprova\u00e7\u00e3o e postagem no site....","og_url":"http:\/\/anu.ufsj.edu.br\/site\/catraca-livre\/catraca-livre-divulga-o-ensaio-descoberta-de-marlon-de-paula\/","og_site_name":"Jornalismo UFSJ","article_publisher":"https:\/\/www.facebook.com\/jornalismoufsj\/","article_published_time":"2014-06-27T19:34:00+00:00","og_image":[{"url":"https:\/\/jornalismou.files.wordpress.com\/2014\/06\/177d7-a_descoberta_da_feminilidade_-_por_marlon_de_paula_7-910x581.jpg"}],"twitter_card":"summary_large_image","twitter_creator":"@jornalismoufsj","twitter_site":"@jornalismoufsj","twitter_misc":{"Escrito por":"","Est. tempo de leitura":"2 minutos"},"schema":{"@context":"https:\/\/schema.org","@graph":[{"@type":"WebPage","@id":"http:\/\/anu.ufsj.edu.br\/site\/catraca-livre\/catraca-livre-divulga-o-ensaio-descoberta-de-marlon-de-paula\/","url":"http:\/\/anu.ufsj.edu.br\/site\/catraca-livre\/catraca-livre-divulga-o-ensaio-descoberta-de-marlon-de-paula\/","name":"Catraca Livre divulga o ensaio Descoberta de Marlon de Paula - Jornalismo UFSJ","isPartOf":{"@id":"http:\/\/jornalismo.ufsj.edu.br\/site\/#website"},"datePublished":"2014-06-27T19:34:00+00:00","dateModified":"2014-06-27T19:34:00+00:00","author":{"@id":""},"breadcrumb":{"@id":"http:\/\/anu.ufsj.edu.br\/site\/catraca-livre\/catraca-livre-divulga-o-ensaio-descoberta-de-marlon-de-paula\/#breadcrumb"},"inLanguage":"pt-BR","potentialAction":[{"@type":"ReadAction","target":["http:\/\/anu.ufsj.edu.br\/site\/catraca-livre\/catraca-livre-divulga-o-ensaio-descoberta-de-marlon-de-paula\/"]}]},{"@type":"BreadcrumbList","@id":"http:\/\/anu.ufsj.edu.br\/site\/catraca-livre\/catraca-livre-divulga-o-ensaio-descoberta-de-marlon-de-paula\/#breadcrumb","itemListElement":[{"@type":"ListItem","position":1,"name":"In\u00edcio","item":"http:\/\/jornalismo.ufsj.edu.br\/site\/"},{"@type":"ListItem","position":2,"name":"Catraca Livre divulga o ensaio Descoberta de Marlon de Paula"}]},{"@type":"WebSite","@id":"http:\/\/jornalismo.ufsj.edu.br\/site\/#website","url":"http:\/\/jornalismo.ufsj.edu.br\/site\/","name":"Jornalismo UFSJ","description":"","potentialAction":[{"@type":"SearchAction","target":{"@type":"EntryPoint","urlTemplate":"http:\/\/jornalismo.ufsj.edu.br\/site\/?s={search_term_string}"},"query-input":"required name=search_term_string"}],"inLanguage":"pt-BR"},{"@type":"Person","@id":""}]}},"jetpack_featured_media_url":"","_links":{"self":[{"href":"http:\/\/anu.ufsj.edu.br\/site\/wp-json\/wp\/v2\/posts\/984"}],"collection":[{"href":"http:\/\/anu.ufsj.edu.br\/site\/wp-json\/wp\/v2\/posts"}],"about":[{"href":"http:\/\/anu.ufsj.edu.br\/site\/wp-json\/wp\/v2\/types\/post"}],"author":[{"embeddable":true,"href":"http:\/\/anu.ufsj.edu.br\/site\/wp-json\/wp\/v2\/users\/3"}],"replies":[{"embeddable":true,"href":"http:\/\/anu.ufsj.edu.br\/site\/wp-json\/wp\/v2\/comments?post=984"}],"version-history":[{"count":0,"href":"http:\/\/anu.ufsj.edu.br\/site\/wp-json\/wp\/v2\/posts\/984\/revisions"}],"wp:attachment":[{"href":"http:\/\/anu.ufsj.edu.br\/site\/wp-json\/wp\/v2\/media?parent=984"}],"wp:term":[{"taxonomy":"category","embeddable":true,"href":"http:\/\/anu.ufsj.edu.br\/site\/wp-json\/wp\/v2\/categories?post=984"},{"taxonomy":"post_tag","embeddable":true,"href":"http:\/\/anu.ufsj.edu.br\/site\/wp-json\/wp\/v2\/tags?post=984"}],"curies":[{"name":"wp","href":"https:\/\/api.w.org\/{rel}","templated":true}]}}