{"id":992,"date":"2014-05-30T01:17:00","date_gmt":"2014-05-30T01:17:00","guid":{"rendered":"http:\/\/jornalismo.ufsj.edu.br\/2014\/05\/30\/trabalho-de-aluno-e-divulgado-em-site-de-fotografia"},"modified":"2014-05-30T01:17:00","modified_gmt":"2014-05-30T01:17:00","slug":"trabalho-de-aluno-e-divulgado-em-site-de-fotografia","status":"publish","type":"post","link":"http:\/\/anu.ufsj.edu.br\/site\/cultura\/trabalho-de-aluno-e-divulgado-em-site-de-fotografia\/","title":{"rendered":"Trabalho de aluno \u00e9 divulgado em site de fotografia"},"content":{"rendered":"<div class=\"separator\" style=\"clear:both;text-align:center;\"><a href=\"https:\/\/jornalismou.files.wordpress.com\/2014\/05\/9b340-perfilmarlon-de-paula.jpg\" style=\"clear:left;float:left;margin-bottom:1em;margin-right:1em;\"><img loading=\"lazy\" border=\"0\" src=\"https:\/\/jornalismou.files.wordpress.com\/2014\/05\/9b340-perfilmarlon-de-paula.jpg\" height=\"320\" width=\"318\" \/><\/a><\/div>\n<p>Aluno do curso de Jornalismo, Marlon de Paula, teve seu trabalho fotogr\u00e1fico &#8220;o grito de Marlon de Paula&#8221; publicado no site <a href=\"http:\/\/www.photochannel.com.br\/\/index.php\/autoral\/autoral-o-grito-de-marlon-de-paula\/\">Photo Channel<\/a>. <\/p>\n<blockquote><p>Tive uma mat\u00e9ria publicada no PhotoChannel. Muito feliz por ter tido espa\u00e7o para falar um pouco do meu trabalho. Aproveito a oportunidade para agradecer ao Tiradentes Foto Clube, na figura do seu idealizador, Alberto Lopes, pela exposi\u00e7\u00e3o coletiva neste come\u00e7o do ano, em paralelo ao Foto em Pauta, e tamb\u00e9m meu sinceros agradecimentos ao projeto Inter Resid\u00eancias A\u00e7\u00f5es, por ter me ensinado tanto a construir meus caminhos com a luz e a minha mestre Katia Lombardi! Sem esquecer do meu querido <a href=\"https:\/\/www.facebook.com\/semeiranembeira\">Coletivo Sem Eira Nem Beira<\/a>, meu caso de amor. Obrigado!<\/p><\/blockquote>\n<p>Declara\u00e7\u00e3o de Marlon ap\u00f3s divulga\u00e7\u00e3o do trabalho autoral. Conhe\u00e7a mais do trabalho do fot\u00f3grafo em seu site: <a href=\"http:\/\/marlondepaula.46graus.com\/\">Marlon de Paula<\/a><span style=\"line-height:115%;\"><br \/><\/span><\/p>\n<div style=\"text-align:right;\"><span style=\"line-height:115%;\">Reda\u00e7\u00e3o: Marlon de Paula<\/span><\/div>\n<div style=\"text-align:right;\"><span style=\"line-height:115%;\"><b><a href=\"https:\/\/www.facebook.com\/mosaicocomunicacaojr\" target=\"_blank\">Mosaico Comunica\u00e7\u00e3o Jr.<\/a><\/b><\/span><\/div>\n<div style=\"text-align:right;\"><span style=\"line-height:115%;\">Edi\u00e7\u00e3o: Milla Fernandes<\/span><\/div>\n","protected":false},"excerpt":{"rendered":"<p>Aluno do curso de Jornalismo, Marlon de Paula, teve seu trabalho fotogr\u00e1fico &#8220;o grito de Marlon de Paula&#8221; publicado no site Photo Channel. Tive uma mat\u00e9ria publicada no PhotoChannel. Muito feliz por ter tido espa\u00e7o para falar um pouco do&#8230;<\/p>\n","protected":false},"author":3,"featured_media":0,"comment_status":"open","ping_status":"open","sticky":false,"template":"","format":"standard","meta":{"_monsterinsights_skip_tracking":false,"_monsterinsights_sitenote_active":false,"_monsterinsights_sitenote_note":"","_monsterinsights_sitenote_category":0},"categories":[18,32,72],"tags":[],"yoast_head":"<!-- This site is optimized with the Yoast SEO plugin v20.6 - https:\/\/yoast.com\/wordpress\/plugins\/seo\/ -->\n<title>Trabalho de aluno \u00e9 divulgado em site de fotografia - Jornalismo UFSJ<\/title>\n<meta name=\"robots\" content=\"index, follow, max-snippet:-1, max-image-preview:large, max-video-preview:-1\" \/>\n<link rel=\"canonical\" href=\"http:\/\/anu.ufsj.edu.br\/site\/cultura\/trabalho-de-aluno-e-divulgado-em-site-de-fotografia\/\" \/>\n<meta property=\"og:locale\" content=\"pt_BR\" \/>\n<meta property=\"og:type\" content=\"article\" \/>\n<meta property=\"og:title\" content=\"Trabalho de aluno \u00e9 divulgado em site de fotografia - Jornalismo UFSJ\" \/>\n<meta property=\"og:description\" content=\"Aluno do curso de Jornalismo, Marlon de Paula, teve seu trabalho fotogr\u00e1fico &#8220;o grito de Marlon de Paula&#8221; publicado no site Photo Channel. Tive uma mat\u00e9ria publicada no PhotoChannel. Muito feliz por ter tido espa\u00e7o para falar um pouco do...\" \/>\n<meta property=\"og:url\" content=\"http:\/\/anu.ufsj.edu.br\/site\/cultura\/trabalho-de-aluno-e-divulgado-em-site-de-fotografia\/\" \/>\n<meta property=\"og:site_name\" content=\"Jornalismo UFSJ\" \/>\n<meta property=\"article:publisher\" content=\"https:\/\/www.facebook.com\/jornalismoufsj\/\" \/>\n<meta property=\"article:published_time\" content=\"2014-05-30T01:17:00+00:00\" \/>\n<meta property=\"og:image\" content=\"https:\/\/jornalismou.files.wordpress.com\/2014\/05\/9b340-perfilmarlon-de-paula.jpg\" \/>\n<meta name=\"twitter:card\" content=\"summary_large_image\" \/>\n<meta name=\"twitter:creator\" content=\"@jornalismoufsj\" \/>\n<meta name=\"twitter:site\" content=\"@jornalismoufsj\" \/>\n<meta name=\"twitter:label1\" content=\"Escrito por\" \/>\n\t<meta name=\"twitter:data1\" content=\"\" \/>\n\t<meta name=\"twitter:label2\" content=\"Est. tempo de leitura\" \/>\n\t<meta name=\"twitter:data2\" content=\"1 minuto\" \/>\n<script type=\"application\/ld+json\" class=\"yoast-schema-graph\">{\"@context\":\"https:\/\/schema.org\",\"@graph\":[{\"@type\":\"WebPage\",\"@id\":\"http:\/\/anu.ufsj.edu.br\/site\/cultura\/trabalho-de-aluno-e-divulgado-em-site-de-fotografia\/\",\"url\":\"http:\/\/anu.ufsj.edu.br\/site\/cultura\/trabalho-de-aluno-e-divulgado-em-site-de-fotografia\/\",\"name\":\"Trabalho de aluno \u00e9 divulgado em site de fotografia - Jornalismo UFSJ\",\"isPartOf\":{\"@id\":\"http:\/\/jornalismo.ufsj.edu.br\/site\/#website\"},\"datePublished\":\"2014-05-30T01:17:00+00:00\",\"dateModified\":\"2014-05-30T01:17:00+00:00\",\"author\":{\"@id\":\"\"},\"breadcrumb\":{\"@id\":\"http:\/\/anu.ufsj.edu.br\/site\/cultura\/trabalho-de-aluno-e-divulgado-em-site-de-fotografia\/#breadcrumb\"},\"inLanguage\":\"pt-BR\",\"potentialAction\":[{\"@type\":\"ReadAction\",\"target\":[\"http:\/\/anu.ufsj.edu.br\/site\/cultura\/trabalho-de-aluno-e-divulgado-em-site-de-fotografia\/\"]}]},{\"@type\":\"BreadcrumbList\",\"@id\":\"http:\/\/anu.ufsj.edu.br\/site\/cultura\/trabalho-de-aluno-e-divulgado-em-site-de-fotografia\/#breadcrumb\",\"itemListElement\":[{\"@type\":\"ListItem\",\"position\":1,\"name\":\"In\u00edcio\",\"item\":\"http:\/\/jornalismo.ufsj.edu.br\/site\/\"},{\"@type\":\"ListItem\",\"position\":2,\"name\":\"Trabalho de aluno \u00e9 divulgado em site de fotografia\"}]},{\"@type\":\"WebSite\",\"@id\":\"http:\/\/jornalismo.ufsj.edu.br\/site\/#website\",\"url\":\"http:\/\/jornalismo.ufsj.edu.br\/site\/\",\"name\":\"Jornalismo UFSJ\",\"description\":\"\",\"potentialAction\":[{\"@type\":\"SearchAction\",\"target\":{\"@type\":\"EntryPoint\",\"urlTemplate\":\"http:\/\/jornalismo.ufsj.edu.br\/site\/?s={search_term_string}\"},\"query-input\":\"required name=search_term_string\"}],\"inLanguage\":\"pt-BR\"},{\"@type\":\"Person\",\"@id\":\"\"}]}<\/script>\n<!-- \/ Yoast SEO plugin. -->","yoast_head_json":{"title":"Trabalho de aluno \u00e9 divulgado em site de fotografia - Jornalismo UFSJ","robots":{"index":"index","follow":"follow","max-snippet":"max-snippet:-1","max-image-preview":"max-image-preview:large","max-video-preview":"max-video-preview:-1"},"canonical":"http:\/\/anu.ufsj.edu.br\/site\/cultura\/trabalho-de-aluno-e-divulgado-em-site-de-fotografia\/","og_locale":"pt_BR","og_type":"article","og_title":"Trabalho de aluno \u00e9 divulgado em site de fotografia - Jornalismo UFSJ","og_description":"Aluno do curso de Jornalismo, Marlon de Paula, teve seu trabalho fotogr\u00e1fico &#8220;o grito de Marlon de Paula&#8221; publicado no site Photo Channel. Tive uma mat\u00e9ria publicada no PhotoChannel. Muito feliz por ter tido espa\u00e7o para falar um pouco do...","og_url":"http:\/\/anu.ufsj.edu.br\/site\/cultura\/trabalho-de-aluno-e-divulgado-em-site-de-fotografia\/","og_site_name":"Jornalismo UFSJ","article_publisher":"https:\/\/www.facebook.com\/jornalismoufsj\/","article_published_time":"2014-05-30T01:17:00+00:00","og_image":[{"url":"https:\/\/jornalismou.files.wordpress.com\/2014\/05\/9b340-perfilmarlon-de-paula.jpg"}],"twitter_card":"summary_large_image","twitter_creator":"@jornalismoufsj","twitter_site":"@jornalismoufsj","twitter_misc":{"Escrito por":"","Est. tempo de leitura":"1 minuto"},"schema":{"@context":"https:\/\/schema.org","@graph":[{"@type":"WebPage","@id":"http:\/\/anu.ufsj.edu.br\/site\/cultura\/trabalho-de-aluno-e-divulgado-em-site-de-fotografia\/","url":"http:\/\/anu.ufsj.edu.br\/site\/cultura\/trabalho-de-aluno-e-divulgado-em-site-de-fotografia\/","name":"Trabalho de aluno \u00e9 divulgado em site de fotografia - Jornalismo UFSJ","isPartOf":{"@id":"http:\/\/jornalismo.ufsj.edu.br\/site\/#website"},"datePublished":"2014-05-30T01:17:00+00:00","dateModified":"2014-05-30T01:17:00+00:00","author":{"@id":""},"breadcrumb":{"@id":"http:\/\/anu.ufsj.edu.br\/site\/cultura\/trabalho-de-aluno-e-divulgado-em-site-de-fotografia\/#breadcrumb"},"inLanguage":"pt-BR","potentialAction":[{"@type":"ReadAction","target":["http:\/\/anu.ufsj.edu.br\/site\/cultura\/trabalho-de-aluno-e-divulgado-em-site-de-fotografia\/"]}]},{"@type":"BreadcrumbList","@id":"http:\/\/anu.ufsj.edu.br\/site\/cultura\/trabalho-de-aluno-e-divulgado-em-site-de-fotografia\/#breadcrumb","itemListElement":[{"@type":"ListItem","position":1,"name":"In\u00edcio","item":"http:\/\/jornalismo.ufsj.edu.br\/site\/"},{"@type":"ListItem","position":2,"name":"Trabalho de aluno \u00e9 divulgado em site de fotografia"}]},{"@type":"WebSite","@id":"http:\/\/jornalismo.ufsj.edu.br\/site\/#website","url":"http:\/\/jornalismo.ufsj.edu.br\/site\/","name":"Jornalismo UFSJ","description":"","potentialAction":[{"@type":"SearchAction","target":{"@type":"EntryPoint","urlTemplate":"http:\/\/jornalismo.ufsj.edu.br\/site\/?s={search_term_string}"},"query-input":"required name=search_term_string"}],"inLanguage":"pt-BR"},{"@type":"Person","@id":""}]}},"jetpack_featured_media_url":"","_links":{"self":[{"href":"http:\/\/anu.ufsj.edu.br\/site\/wp-json\/wp\/v2\/posts\/992"}],"collection":[{"href":"http:\/\/anu.ufsj.edu.br\/site\/wp-json\/wp\/v2\/posts"}],"about":[{"href":"http:\/\/anu.ufsj.edu.br\/site\/wp-json\/wp\/v2\/types\/post"}],"author":[{"embeddable":true,"href":"http:\/\/anu.ufsj.edu.br\/site\/wp-json\/wp\/v2\/users\/3"}],"replies":[{"embeddable":true,"href":"http:\/\/anu.ufsj.edu.br\/site\/wp-json\/wp\/v2\/comments?post=992"}],"version-history":[{"count":0,"href":"http:\/\/anu.ufsj.edu.br\/site\/wp-json\/wp\/v2\/posts\/992\/revisions"}],"wp:attachment":[{"href":"http:\/\/anu.ufsj.edu.br\/site\/wp-json\/wp\/v2\/media?parent=992"}],"wp:term":[{"taxonomy":"category","embeddable":true,"href":"http:\/\/anu.ufsj.edu.br\/site\/wp-json\/wp\/v2\/categories?post=992"},{"taxonomy":"post_tag","embeddable":true,"href":"http:\/\/anu.ufsj.edu.br\/site\/wp-json\/wp\/v2\/tags?post=992"}],"curies":[{"name":"wp","href":"https:\/\/api.w.org\/{rel}","templated":true}]}}