{"id":995,"date":"2014-05-12T12:48:00","date_gmt":"2014-05-12T12:48:00","guid":{"rendered":"http:\/\/jornalismo.ufsj.edu.br\/2014\/05\/12\/estagio-como-e-trabalhar-na-ascom"},"modified":"2014-05-12T12:48:00","modified_gmt":"2014-05-12T12:48:00","slug":"estagio-como-e-trabalhar-na-ascom","status":"publish","type":"post","link":"http:\/\/anu.ufsj.edu.br\/site\/sem-categoria\/estagio-como-e-trabalhar-na-ascom\/","title":{"rendered":"Est\u00e1gio: Como \u00e9 trabalhar na ASCOM"},"content":{"rendered":"<div class=\"separator\" style=\"clear:both;text-align:center;\"><a href=\"https:\/\/jornalismou.files.wordpress.com\/2014\/05\/745a8-leorigottoeandresalmeron.jpg\" style=\"clear:left;float:left;margin-bottom:1em;margin-right:1em;\"><img loading=\"lazy\" border=\"0\" src=\"https:\/\/jornalismou.files.wordpress.com\/2014\/05\/745a8-leorigottoeandresalmeron.jpg\" height=\"240\" width=\"320\" \/><\/a><\/div>\n<p>A Assessoria de Comunica\u00e7\u00e3o da UFSJ, a ASCOM, \u00e9 a principal respons\u00e1vel pela circula\u00e7\u00e3o das informa\u00e7\u00f5es oficiais da Universidade. Para isso, conta com um jornal mensal, o site da institui\u00e7\u00e3o e agora um canal de v\u00eddeos online, a TV UFSJ. Al\u00e9m da equipe de jornalistas, a ASCOM oferece tr\u00eas vagas para est\u00e1gio de alunos do curso de Jornalismo. \u00c9 nesse ambiente que os selecionados t\u00eam a oportunidade de vivenciar na pr\u00e1tica a rotina de uma assessoria.<\/p>\n<p>O trabalho na ASCOM foi a primeira oportunidade de est\u00e1gio do aluno do 7\u00ba per\u00edodo Andr\u00e9 Salmer\u00f3n (\u00e0 direita na imagem). Exercendo a fun\u00e7\u00e3o desde fevereiro de 2013, ele diz que no in\u00edcio enfrentou um pouco de dificuldade para colocar em pr\u00e1tica os conceitos aprendidos na faculdade. \u201cDentro do ambiente acad\u00eamico, voc\u00ea tem mais tempo para refletir sobre o foco que ter\u00e1 o texto, por exemplo. No ambiente de mercado, voc\u00ea precisa manter essa mesma qualidade e ao mesmo tempo n\u00e3o perder tempo\u201d, explica.<\/p>\n<p>L\u00e9o Rigotto foi aprovado na mesma sele\u00e7\u00e3o que Andr\u00e9, que aconteceu atrav\u00e9s de uma prova escrita e uma entrevista. Ele conta que a rotina de trabalho consiste na produ\u00e7\u00e3o de not\u00edcias para o jornal mensal e o <b><a href=\"http:\/\/www.ufsj.edu.br\/\" target=\"_blank\">site<\/a><\/b>, na elabora\u00e7\u00e3o e envio de releases e agora na produ\u00e7\u00e3o de v\u00eddeos para a internet. Eles,  ao lado da outra estagi\u00e1ria, Yulle Marques, s\u00e3o coordenados pelo Assessor de Comunica\u00e7\u00e3o da universidade, Bruno Carvalho.<\/p>\n<p>O est\u00e1gio proporciona n\u00e3o s\u00f3 qualificia\u00e7\u00e3o profissional, mas tamb\u00e9m a oportunidade de viver experi\u00eancias \u00fanicas que contribuem para o crescimento pessoal. Andr\u00e9 considera a cobertura do 26\u00ba Inverno Cultural uma delas, onde p\u00f4de entrevistar artistas como Criolo e Tom Z\u00e9. \u201cSem d\u00favida s\u00e3o mem\u00f3rias que eu levo para a vida e que provavelmente n\u00e3o teria se n\u00e3o fosse pelo meu est\u00e1gio\u201d, resume ele que sempre se interessou pela \u00e1rea jornalismo cultural.<\/p>\n<p><b>TV UFSJ\u00a0<\/b><br \/>Foi criada no m\u00eas de abril a <b><a href=\"https:\/\/www.youtube.com\/user\/tvufsj\" target=\"_blank\">TV UFSJ<\/a><\/b>. Um canal do youtube que busca ampliar a comunica\u00e7\u00e3o da Universidade com a comunidade atrav\u00e9s de v\u00eddeos que apresentam uma abordagem mais descontra\u00edda, diferente da usada tradicionalmente pela institui\u00e7\u00e3o. Para o projeto, a ASCOM recrutou mais quatro bolsistas que tamb\u00e9m atuar\u00e3o na cobertura da pr\u00f3xima edi\u00e7\u00e3o do Inverno Cultural.<\/p>\n<p>L\u00e9o est\u00e1 bastante entusiasmado com o projeto, pois considera uma oportunidade de acrescentar um tom mais pessoal \u00e0 produ\u00e7\u00e3o. \u201cSou apaixonado por v\u00eddeo e internet, ent\u00e3o est\u00e1 sendo uma experi\u00eancia \u00edmpar poder ajudar na cria\u00e7\u00e3o de algo que, espero, vai durar bons anos, e fazendo isso de uma maneira divertida\u201d, conta.<\/p>\n<p>Para quem pretende come\u00e7ar um est\u00e1gio, ele considera essencial correr atr\u00e1s das oportunidades e n\u00e3o desistir nas primeiras tentativas que n\u00e3o derem certo. Aconselha tamb\u00e9m procurar a ajuda de pessoas mais experientes, principalmente no come\u00e7o. \u201cTer d\u00favidas e n\u00e3o saber fazer coisas \u00e9 normal, e a solu\u00e7\u00e3o pra isso \u00e9 perguntar e aprender\u201d, conclui.<\/p>\n<div style=\"text-align:right;\">Reda\u00e7\u00e3o: Luana Levenhagen\u00a0<\/div>\n<div style=\"text-align:right;\">Edi\u00e7\u00e3o: Thayanne Nascimento\u00a0<\/div>\n<div style=\"text-align:right;\"><b><a href=\"https:\/\/www.facebook.com\/mosaicocomunicacaojr\" target=\"_blank\">Mosaico Comunica\u00e7\u00e3o Jr.\u00a0<\/a><\/b><\/div>\n<div style=\"text-align:right;\">Revis\u00e3o: Alessandra de Falco\u00a0<\/div>\n<div style=\"text-align:right;\">Foto: Kleyton Guilherme<\/div>\n","protected":false},"excerpt":{"rendered":"<p>A Assessoria de Comunica\u00e7\u00e3o da UFSJ, a ASCOM, \u00e9 a principal respons\u00e1vel pela circula\u00e7\u00e3o das informa\u00e7\u00f5es oficiais da Universidade. Para isso, conta com um jornal mensal, o site da institui\u00e7\u00e3o e agora um canal de v\u00eddeos online, a TV UFSJ&#8230;.<\/p>\n","protected":false},"author":3,"featured_media":0,"comment_status":"open","ping_status":"open","sticky":false,"template":"","format":"standard","meta":{"_monsterinsights_skip_tracking":false,"_monsterinsights_sitenote_active":false,"_monsterinsights_sitenote_note":"","_monsterinsights_sitenote_category":0},"categories":[70],"tags":[],"yoast_head":"<!-- This site is optimized with the Yoast SEO plugin v20.6 - https:\/\/yoast.com\/wordpress\/plugins\/seo\/ -->\n<title>Est\u00e1gio: Como \u00e9 trabalhar na ASCOM - Jornalismo UFSJ<\/title>\n<meta name=\"robots\" content=\"index, follow, max-snippet:-1, max-image-preview:large, max-video-preview:-1\" \/>\n<link rel=\"canonical\" href=\"http:\/\/anu.ufsj.edu.br\/site\/sem-categoria\/estagio-como-e-trabalhar-na-ascom\/\" \/>\n<meta property=\"og:locale\" content=\"pt_BR\" \/>\n<meta property=\"og:type\" content=\"article\" \/>\n<meta property=\"og:title\" content=\"Est\u00e1gio: Como \u00e9 trabalhar na ASCOM - Jornalismo UFSJ\" \/>\n<meta property=\"og:description\" content=\"A Assessoria de Comunica\u00e7\u00e3o da UFSJ, a ASCOM, \u00e9 a principal respons\u00e1vel pela circula\u00e7\u00e3o das informa\u00e7\u00f5es oficiais da Universidade. Para isso, conta com um jornal mensal, o site da institui\u00e7\u00e3o e agora um canal de v\u00eddeos online, a TV UFSJ....\" \/>\n<meta property=\"og:url\" content=\"http:\/\/anu.ufsj.edu.br\/site\/sem-categoria\/estagio-como-e-trabalhar-na-ascom\/\" \/>\n<meta property=\"og:site_name\" content=\"Jornalismo UFSJ\" \/>\n<meta property=\"article:publisher\" content=\"https:\/\/www.facebook.com\/jornalismoufsj\/\" \/>\n<meta property=\"article:published_time\" content=\"2014-05-12T12:48:00+00:00\" \/>\n<meta property=\"og:image\" content=\"https:\/\/jornalismou.files.wordpress.com\/2014\/05\/745a8-leorigottoeandresalmeron.jpg\" \/>\n<meta name=\"twitter:card\" content=\"summary_large_image\" \/>\n<meta name=\"twitter:creator\" content=\"@jornalismoufsj\" \/>\n<meta name=\"twitter:site\" content=\"@jornalismoufsj\" \/>\n<meta name=\"twitter:label1\" content=\"Escrito por\" \/>\n\t<meta name=\"twitter:data1\" content=\"\" \/>\n\t<meta name=\"twitter:label2\" content=\"Est. tempo de leitura\" \/>\n\t<meta name=\"twitter:data2\" content=\"3 minutos\" \/>\n<script type=\"application\/ld+json\" class=\"yoast-schema-graph\">{\"@context\":\"https:\/\/schema.org\",\"@graph\":[{\"@type\":\"WebPage\",\"@id\":\"http:\/\/anu.ufsj.edu.br\/site\/sem-categoria\/estagio-como-e-trabalhar-na-ascom\/\",\"url\":\"http:\/\/anu.ufsj.edu.br\/site\/sem-categoria\/estagio-como-e-trabalhar-na-ascom\/\",\"name\":\"Est\u00e1gio: Como \u00e9 trabalhar na ASCOM - Jornalismo UFSJ\",\"isPartOf\":{\"@id\":\"http:\/\/jornalismo.ufsj.edu.br\/site\/#website\"},\"datePublished\":\"2014-05-12T12:48:00+00:00\",\"dateModified\":\"2014-05-12T12:48:00+00:00\",\"author\":{\"@id\":\"\"},\"breadcrumb\":{\"@id\":\"http:\/\/anu.ufsj.edu.br\/site\/sem-categoria\/estagio-como-e-trabalhar-na-ascom\/#breadcrumb\"},\"inLanguage\":\"pt-BR\",\"potentialAction\":[{\"@type\":\"ReadAction\",\"target\":[\"http:\/\/anu.ufsj.edu.br\/site\/sem-categoria\/estagio-como-e-trabalhar-na-ascom\/\"]}]},{\"@type\":\"BreadcrumbList\",\"@id\":\"http:\/\/anu.ufsj.edu.br\/site\/sem-categoria\/estagio-como-e-trabalhar-na-ascom\/#breadcrumb\",\"itemListElement\":[{\"@type\":\"ListItem\",\"position\":1,\"name\":\"In\u00edcio\",\"item\":\"http:\/\/jornalismo.ufsj.edu.br\/site\/\"},{\"@type\":\"ListItem\",\"position\":2,\"name\":\"Est\u00e1gio: Como \u00e9 trabalhar na ASCOM\"}]},{\"@type\":\"WebSite\",\"@id\":\"http:\/\/jornalismo.ufsj.edu.br\/site\/#website\",\"url\":\"http:\/\/jornalismo.ufsj.edu.br\/site\/\",\"name\":\"Jornalismo UFSJ\",\"description\":\"\",\"potentialAction\":[{\"@type\":\"SearchAction\",\"target\":{\"@type\":\"EntryPoint\",\"urlTemplate\":\"http:\/\/jornalismo.ufsj.edu.br\/site\/?s={search_term_string}\"},\"query-input\":\"required name=search_term_string\"}],\"inLanguage\":\"pt-BR\"},{\"@type\":\"Person\",\"@id\":\"\"}]}<\/script>\n<!-- \/ Yoast SEO plugin. -->","yoast_head_json":{"title":"Est\u00e1gio: Como \u00e9 trabalhar na ASCOM - Jornalismo UFSJ","robots":{"index":"index","follow":"follow","max-snippet":"max-snippet:-1","max-image-preview":"max-image-preview:large","max-video-preview":"max-video-preview:-1"},"canonical":"http:\/\/anu.ufsj.edu.br\/site\/sem-categoria\/estagio-como-e-trabalhar-na-ascom\/","og_locale":"pt_BR","og_type":"article","og_title":"Est\u00e1gio: Como \u00e9 trabalhar na ASCOM - Jornalismo UFSJ","og_description":"A Assessoria de Comunica\u00e7\u00e3o da UFSJ, a ASCOM, \u00e9 a principal respons\u00e1vel pela circula\u00e7\u00e3o das informa\u00e7\u00f5es oficiais da Universidade. Para isso, conta com um jornal mensal, o site da institui\u00e7\u00e3o e agora um canal de v\u00eddeos online, a TV UFSJ....","og_url":"http:\/\/anu.ufsj.edu.br\/site\/sem-categoria\/estagio-como-e-trabalhar-na-ascom\/","og_site_name":"Jornalismo UFSJ","article_publisher":"https:\/\/www.facebook.com\/jornalismoufsj\/","article_published_time":"2014-05-12T12:48:00+00:00","og_image":[{"url":"https:\/\/jornalismou.files.wordpress.com\/2014\/05\/745a8-leorigottoeandresalmeron.jpg"}],"twitter_card":"summary_large_image","twitter_creator":"@jornalismoufsj","twitter_site":"@jornalismoufsj","twitter_misc":{"Escrito por":"","Est. tempo de leitura":"3 minutos"},"schema":{"@context":"https:\/\/schema.org","@graph":[{"@type":"WebPage","@id":"http:\/\/anu.ufsj.edu.br\/site\/sem-categoria\/estagio-como-e-trabalhar-na-ascom\/","url":"http:\/\/anu.ufsj.edu.br\/site\/sem-categoria\/estagio-como-e-trabalhar-na-ascom\/","name":"Est\u00e1gio: Como \u00e9 trabalhar na ASCOM - Jornalismo UFSJ","isPartOf":{"@id":"http:\/\/jornalismo.ufsj.edu.br\/site\/#website"},"datePublished":"2014-05-12T12:48:00+00:00","dateModified":"2014-05-12T12:48:00+00:00","author":{"@id":""},"breadcrumb":{"@id":"http:\/\/anu.ufsj.edu.br\/site\/sem-categoria\/estagio-como-e-trabalhar-na-ascom\/#breadcrumb"},"inLanguage":"pt-BR","potentialAction":[{"@type":"ReadAction","target":["http:\/\/anu.ufsj.edu.br\/site\/sem-categoria\/estagio-como-e-trabalhar-na-ascom\/"]}]},{"@type":"BreadcrumbList","@id":"http:\/\/anu.ufsj.edu.br\/site\/sem-categoria\/estagio-como-e-trabalhar-na-ascom\/#breadcrumb","itemListElement":[{"@type":"ListItem","position":1,"name":"In\u00edcio","item":"http:\/\/jornalismo.ufsj.edu.br\/site\/"},{"@type":"ListItem","position":2,"name":"Est\u00e1gio: Como \u00e9 trabalhar na ASCOM"}]},{"@type":"WebSite","@id":"http:\/\/jornalismo.ufsj.edu.br\/site\/#website","url":"http:\/\/jornalismo.ufsj.edu.br\/site\/","name":"Jornalismo UFSJ","description":"","potentialAction":[{"@type":"SearchAction","target":{"@type":"EntryPoint","urlTemplate":"http:\/\/jornalismo.ufsj.edu.br\/site\/?s={search_term_string}"},"query-input":"required name=search_term_string"}],"inLanguage":"pt-BR"},{"@type":"Person","@id":""}]}},"jetpack_featured_media_url":"","_links":{"self":[{"href":"http:\/\/anu.ufsj.edu.br\/site\/wp-json\/wp\/v2\/posts\/995"}],"collection":[{"href":"http:\/\/anu.ufsj.edu.br\/site\/wp-json\/wp\/v2\/posts"}],"about":[{"href":"http:\/\/anu.ufsj.edu.br\/site\/wp-json\/wp\/v2\/types\/post"}],"author":[{"embeddable":true,"href":"http:\/\/anu.ufsj.edu.br\/site\/wp-json\/wp\/v2\/users\/3"}],"replies":[{"embeddable":true,"href":"http:\/\/anu.ufsj.edu.br\/site\/wp-json\/wp\/v2\/comments?post=995"}],"version-history":[{"count":0,"href":"http:\/\/anu.ufsj.edu.br\/site\/wp-json\/wp\/v2\/posts\/995\/revisions"}],"wp:attachment":[{"href":"http:\/\/anu.ufsj.edu.br\/site\/wp-json\/wp\/v2\/media?parent=995"}],"wp:term":[{"taxonomy":"category","embeddable":true,"href":"http:\/\/anu.ufsj.edu.br\/site\/wp-json\/wp\/v2\/categories?post=995"},{"taxonomy":"post_tag","embeddable":true,"href":"http:\/\/anu.ufsj.edu.br\/site\/wp-json\/wp\/v2\/tags?post=995"}],"curies":[{"name":"wp","href":"https:\/\/api.w.org\/{rel}","templated":true}]}}