{"id":997,"date":"2014-05-11T19:34:00","date_gmt":"2014-05-11T19:34:00","guid":{"rendered":"http:\/\/jornalismo.ufsj.edu.br\/2014\/05\/11\/estudante-fala-sobre-estagio-na-tv-campos-de-minas"},"modified":"2014-05-11T19:34:00","modified_gmt":"2014-05-11T19:34:00","slug":"estudante-fala-sobre-estagio-na-tv-campos-de-minas","status":"publish","type":"post","link":"http:\/\/anu.ufsj.edu.br\/site\/sem-categoria\/estudante-fala-sobre-estagio-na-tv-campos-de-minas\/","title":{"rendered":"Estudante fala sobre est\u00e1gio na TV Campos de Minas"},"content":{"rendered":"<div class=\"separator\" style=\"clear:both;text-align:center;\"><a href=\"https:\/\/jornalismou.files.wordpress.com\/2014\/05\/92719-fernandarezende.jpg\" style=\"clear:left;float:left;margin-bottom:1em;margin-right:1em;\"><img loading=\"lazy\" border=\"0\" src=\"https:\/\/jornalismou.files.wordpress.com\/2014\/05\/92719-fernandarezende.jpg\" height=\"240\" width=\"320\" \/><\/a><\/div>\n<p>S\u00e3o apenas tr\u00eas meses como estagi\u00e1ria da TV Campos de Minas e a aluna do curso de Comunica\u00e7\u00e3o Social da UFSJ j\u00e1 se identifica com a \u00e1rea. Fernanda Rezende Pedro, 21, est\u00e1 no o 5\u00ba per\u00edodo do curso ao mesmo tempo em que faz o seu primeiro est\u00e1gio.<\/p>\n<p>Fernanda conta que, dentre as pr\u00e1ticas jornal\u00edsticas que ela executa na TV destacam-se produ\u00e7\u00e3o de pautas, relat\u00f3rios e script do jornal que vai ao ar todos os dias. Na opini\u00e3o da estudante, a experi\u00eancia proporciona a ela a chance de acompanhar de perto o funcionamento de uma TV.<\/p>\n<p>\u201cNo est\u00e1gio eu vejo como funciona uma TV, como a informa\u00e7\u00e3o chega at\u00e9 o telespectador. Desde a parte da produ\u00e7\u00e3o at\u00e9 a edi\u00e7\u00e3o final da mat\u00e9ria\u201d, explica.  De acordo com a estudante, todas as experi\u00eancias adquiridas no est\u00e1gio s\u00e3o novas e importantes para a sua forma\u00e7\u00e3o. E, al\u00e9m disso, o ambiente contribui para que o aprendizado seja ainda maior. \u201cEstou muito satisfeita com essa oportunidade de trabalho. A nossa chefe exige o nosso melhor, mas \u00e9 muito paciente e sabe das nossas limita\u00e7\u00f5es\u201d, conta.<\/p>\n<p>Fernanda Rezende acrescenta ainda que uma das maiores experi\u00eancias que tem na Campos de Minas \u00e9 a forma de se relacionar no mercado de trabalho. \u201cTenho aprendido como \u00e9 trabalhar em uma empresa e com isso vejo como \u00e9 grande a responsabilidade de um jornalista. \u00c9 preciso ter muita aten\u00e7\u00e3o e comprometimento, pois a informa\u00e7\u00e3o que passamos a diante tem que ter credibilidade\u201d, ressalta. Aos futuros estagi\u00e1rios interessados na \u00e1rea de telejornalismo, a estudante deixa algumas dicas: \u201cBusquem experi\u00eancias fora do mundo acad\u00eamico, aproveitem as oportunidades e se conhe\u00e7am como jornalistas. Isso contribui para a forma\u00e7\u00e3o pessoal e profissional de cada um\u201d, conclui.<\/p>\n<div style=\"text-align:right;\">Reda\u00e7\u00e3o: Marina Farias<\/div>\n<div style=\"text-align:right;\">Edi\u00e7\u00e3o: Nara Nunes<\/div>\n<div style=\"text-align:right;\"><b><a href=\"https:\/\/www.facebook.com\/mosaicocomunicacaojr\" target=\"_blank\">Mosaico Comunica\u00e7\u00e3o Jr<\/a><\/b><\/div>\n<div style=\"text-align:right;\">Revis\u00e3o: Alessandra de Falco<\/div>\n","protected":false},"excerpt":{"rendered":"<p>S\u00e3o apenas tr\u00eas meses como estagi\u00e1ria da TV Campos de Minas e a aluna do curso de Comunica\u00e7\u00e3o Social da UFSJ j\u00e1 se identifica com a \u00e1rea. Fernanda Rezende Pedro, 21, est\u00e1 no o 5\u00ba per\u00edodo do curso ao mesmo&#8230;<\/p>\n","protected":false},"author":3,"featured_media":0,"comment_status":"open","ping_status":"open","sticky":false,"template":"","format":"standard","meta":{"_monsterinsights_skip_tracking":false,"_monsterinsights_sitenote_active":false,"_monsterinsights_sitenote_note":"","_monsterinsights_sitenote_category":0},"categories":[70],"tags":[],"yoast_head":"<!-- This site is optimized with the Yoast SEO plugin v20.6 - https:\/\/yoast.com\/wordpress\/plugins\/seo\/ -->\n<title>Estudante fala sobre est\u00e1gio na TV Campos de Minas - Jornalismo UFSJ<\/title>\n<meta name=\"robots\" content=\"index, follow, max-snippet:-1, max-image-preview:large, max-video-preview:-1\" \/>\n<link rel=\"canonical\" href=\"https:\/\/anu.ufsj.edu.br\/site\/sem-categoria\/estudante-fala-sobre-estagio-na-tv-campos-de-minas\/\" \/>\n<meta property=\"og:locale\" content=\"pt_BR\" \/>\n<meta property=\"og:type\" content=\"article\" \/>\n<meta property=\"og:title\" content=\"Estudante fala sobre est\u00e1gio na TV Campos de Minas - Jornalismo UFSJ\" \/>\n<meta property=\"og:description\" content=\"S\u00e3o apenas tr\u00eas meses como estagi\u00e1ria da TV Campos de Minas e a aluna do curso de Comunica\u00e7\u00e3o Social da UFSJ j\u00e1 se identifica com a \u00e1rea. Fernanda Rezende Pedro, 21, est\u00e1 no o 5\u00ba per\u00edodo do curso ao mesmo...\" \/>\n<meta property=\"og:url\" content=\"https:\/\/anu.ufsj.edu.br\/site\/sem-categoria\/estudante-fala-sobre-estagio-na-tv-campos-de-minas\/\" \/>\n<meta property=\"og:site_name\" content=\"Jornalismo UFSJ\" \/>\n<meta property=\"article:publisher\" content=\"https:\/\/www.facebook.com\/jornalismoufsj\/\" \/>\n<meta property=\"article:published_time\" content=\"2014-05-11T19:34:00+00:00\" \/>\n<meta property=\"og:image\" content=\"https:\/\/jornalismou.files.wordpress.com\/2014\/05\/92719-fernandarezende.jpg\" \/>\n<meta name=\"twitter:card\" content=\"summary_large_image\" \/>\n<meta name=\"twitter:creator\" content=\"@jornalismoufsj\" \/>\n<meta name=\"twitter:site\" content=\"@jornalismoufsj\" \/>\n<meta name=\"twitter:label1\" content=\"Escrito por\" \/>\n\t<meta name=\"twitter:data1\" content=\"\" \/>\n\t<meta name=\"twitter:label2\" content=\"Est. tempo de leitura\" \/>\n\t<meta name=\"twitter:data2\" content=\"2 minutos\" \/>\n<script type=\"application\/ld+json\" class=\"yoast-schema-graph\">{\"@context\":\"https:\/\/schema.org\",\"@graph\":[{\"@type\":\"WebPage\",\"@id\":\"https:\/\/anu.ufsj.edu.br\/site\/sem-categoria\/estudante-fala-sobre-estagio-na-tv-campos-de-minas\/\",\"url\":\"https:\/\/anu.ufsj.edu.br\/site\/sem-categoria\/estudante-fala-sobre-estagio-na-tv-campos-de-minas\/\",\"name\":\"Estudante fala sobre est\u00e1gio na TV Campos de Minas - Jornalismo UFSJ\",\"isPartOf\":{\"@id\":\"http:\/\/jornalismo.ufsj.edu.br\/site\/#website\"},\"datePublished\":\"2014-05-11T19:34:00+00:00\",\"dateModified\":\"2014-05-11T19:34:00+00:00\",\"author\":{\"@id\":\"\"},\"breadcrumb\":{\"@id\":\"https:\/\/anu.ufsj.edu.br\/site\/sem-categoria\/estudante-fala-sobre-estagio-na-tv-campos-de-minas\/#breadcrumb\"},\"inLanguage\":\"pt-BR\",\"potentialAction\":[{\"@type\":\"ReadAction\",\"target\":[\"https:\/\/anu.ufsj.edu.br\/site\/sem-categoria\/estudante-fala-sobre-estagio-na-tv-campos-de-minas\/\"]}]},{\"@type\":\"BreadcrumbList\",\"@id\":\"https:\/\/anu.ufsj.edu.br\/site\/sem-categoria\/estudante-fala-sobre-estagio-na-tv-campos-de-minas\/#breadcrumb\",\"itemListElement\":[{\"@type\":\"ListItem\",\"position\":1,\"name\":\"In\u00edcio\",\"item\":\"http:\/\/jornalismo.ufsj.edu.br\/site\/\"},{\"@type\":\"ListItem\",\"position\":2,\"name\":\"Estudante fala sobre est\u00e1gio na TV Campos de Minas\"}]},{\"@type\":\"WebSite\",\"@id\":\"http:\/\/jornalismo.ufsj.edu.br\/site\/#website\",\"url\":\"http:\/\/jornalismo.ufsj.edu.br\/site\/\",\"name\":\"Jornalismo UFSJ\",\"description\":\"\",\"potentialAction\":[{\"@type\":\"SearchAction\",\"target\":{\"@type\":\"EntryPoint\",\"urlTemplate\":\"http:\/\/jornalismo.ufsj.edu.br\/site\/?s={search_term_string}\"},\"query-input\":\"required name=search_term_string\"}],\"inLanguage\":\"pt-BR\"},{\"@type\":\"Person\",\"@id\":\"\"}]}<\/script>\n<!-- \/ Yoast SEO plugin. -->","yoast_head_json":{"title":"Estudante fala sobre est\u00e1gio na TV Campos de Minas - Jornalismo UFSJ","robots":{"index":"index","follow":"follow","max-snippet":"max-snippet:-1","max-image-preview":"max-image-preview:large","max-video-preview":"max-video-preview:-1"},"canonical":"https:\/\/anu.ufsj.edu.br\/site\/sem-categoria\/estudante-fala-sobre-estagio-na-tv-campos-de-minas\/","og_locale":"pt_BR","og_type":"article","og_title":"Estudante fala sobre est\u00e1gio na TV Campos de Minas - Jornalismo UFSJ","og_description":"S\u00e3o apenas tr\u00eas meses como estagi\u00e1ria da TV Campos de Minas e a aluna do curso de Comunica\u00e7\u00e3o Social da UFSJ j\u00e1 se identifica com a \u00e1rea. Fernanda Rezende Pedro, 21, est\u00e1 no o 5\u00ba per\u00edodo do curso ao mesmo...","og_url":"https:\/\/anu.ufsj.edu.br\/site\/sem-categoria\/estudante-fala-sobre-estagio-na-tv-campos-de-minas\/","og_site_name":"Jornalismo UFSJ","article_publisher":"https:\/\/www.facebook.com\/jornalismoufsj\/","article_published_time":"2014-05-11T19:34:00+00:00","og_image":[{"url":"https:\/\/jornalismou.files.wordpress.com\/2014\/05\/92719-fernandarezende.jpg"}],"twitter_card":"summary_large_image","twitter_creator":"@jornalismoufsj","twitter_site":"@jornalismoufsj","twitter_misc":{"Escrito por":"","Est. tempo de leitura":"2 minutos"},"schema":{"@context":"https:\/\/schema.org","@graph":[{"@type":"WebPage","@id":"https:\/\/anu.ufsj.edu.br\/site\/sem-categoria\/estudante-fala-sobre-estagio-na-tv-campos-de-minas\/","url":"https:\/\/anu.ufsj.edu.br\/site\/sem-categoria\/estudante-fala-sobre-estagio-na-tv-campos-de-minas\/","name":"Estudante fala sobre est\u00e1gio na TV Campos de Minas - Jornalismo UFSJ","isPartOf":{"@id":"http:\/\/jornalismo.ufsj.edu.br\/site\/#website"},"datePublished":"2014-05-11T19:34:00+00:00","dateModified":"2014-05-11T19:34:00+00:00","author":{"@id":""},"breadcrumb":{"@id":"https:\/\/anu.ufsj.edu.br\/site\/sem-categoria\/estudante-fala-sobre-estagio-na-tv-campos-de-minas\/#breadcrumb"},"inLanguage":"pt-BR","potentialAction":[{"@type":"ReadAction","target":["https:\/\/anu.ufsj.edu.br\/site\/sem-categoria\/estudante-fala-sobre-estagio-na-tv-campos-de-minas\/"]}]},{"@type":"BreadcrumbList","@id":"https:\/\/anu.ufsj.edu.br\/site\/sem-categoria\/estudante-fala-sobre-estagio-na-tv-campos-de-minas\/#breadcrumb","itemListElement":[{"@type":"ListItem","position":1,"name":"In\u00edcio","item":"http:\/\/jornalismo.ufsj.edu.br\/site\/"},{"@type":"ListItem","position":2,"name":"Estudante fala sobre est\u00e1gio na TV Campos de Minas"}]},{"@type":"WebSite","@id":"http:\/\/jornalismo.ufsj.edu.br\/site\/#website","url":"http:\/\/jornalismo.ufsj.edu.br\/site\/","name":"Jornalismo UFSJ","description":"","potentialAction":[{"@type":"SearchAction","target":{"@type":"EntryPoint","urlTemplate":"http:\/\/jornalismo.ufsj.edu.br\/site\/?s={search_term_string}"},"query-input":"required name=search_term_string"}],"inLanguage":"pt-BR"},{"@type":"Person","@id":""}]}},"jetpack_featured_media_url":"","_links":{"self":[{"href":"http:\/\/anu.ufsj.edu.br\/site\/wp-json\/wp\/v2\/posts\/997"}],"collection":[{"href":"http:\/\/anu.ufsj.edu.br\/site\/wp-json\/wp\/v2\/posts"}],"about":[{"href":"http:\/\/anu.ufsj.edu.br\/site\/wp-json\/wp\/v2\/types\/post"}],"author":[{"embeddable":true,"href":"http:\/\/anu.ufsj.edu.br\/site\/wp-json\/wp\/v2\/users\/3"}],"replies":[{"embeddable":true,"href":"http:\/\/anu.ufsj.edu.br\/site\/wp-json\/wp\/v2\/comments?post=997"}],"version-history":[{"count":0,"href":"http:\/\/anu.ufsj.edu.br\/site\/wp-json\/wp\/v2\/posts\/997\/revisions"}],"wp:attachment":[{"href":"http:\/\/anu.ufsj.edu.br\/site\/wp-json\/wp\/v2\/media?parent=997"}],"wp:term":[{"taxonomy":"category","embeddable":true,"href":"http:\/\/anu.ufsj.edu.br\/site\/wp-json\/wp\/v2\/categories?post=997"},{"taxonomy":"post_tag","embeddable":true,"href":"http:\/\/anu.ufsj.edu.br\/site\/wp-json\/wp\/v2\/tags?post=997"}],"curies":[{"name":"wp","href":"https:\/\/api.w.org\/{rel}","templated":true}]}}